{"id":244217,"date":"2026-08-04T14:17:22","date_gmt":"2026-08-04T14:17:22","guid":{"rendered":"https:\/\/www.europesays.com\/ee\/244217\/"},"modified":"2026-08-04T14:17:22","modified_gmt":"2026-08-04T14:17:22","slug":"korvpallur-robert-kangur-taitis-koondisega-esmase-eesmargi-ja-valmistub-nuud-mooda-maailma-randama-delfi-sport-2","status":"publish","type":"post","link":"https:\/\/www.europesays.com\/ee\/244217\/","title":{"rendered":"Korvpallur Robert Kangur t\u00e4itis koondisega esmase eesm\u00e4rgi ja valmistub n\u00fc\u00fcd m\u00f6\u00f6da maailma r\u00e4ndama &#8211; Delfi Sport"},"content":{"rendered":"<ol>\n<li><a href=\"https:\/\/news.google.com\/rss\/articles\/CBMizgFBVV95cUxNYzNHYzlVZWZnYS1YeTVBS3Nxb1d5b0EyY1B1OXdXb2ZZRjFQU1V6Z2lPZXFpM2VrWlg2a2xlV2M4dXpQUHVka2NUV0tkeURlUTFoUFR4ZUM4LUdfeFl2X0l6aGpWang3X3EwZDIzQ3E3MHpvWjJiWV9LU04wV3dueDdyX3YyNWVybVJDWTlpc2x3Z2N0b255VzAyT0V4S1lKWG82Q1VyMDhmcVhSSFlPZFVZT0ZVYmg2Sy1ZRkJxNG5FVmQyY1B1UUVScWZoQQ?oc=5\" target=\"_blank\" rel=\"nofollow noopener\">Korvpallur Robert Kangur t\u00e4itis koondisega esmase eesm\u00e4rgi ja valmistub n\u00fc\u00fcd m\u00f6\u00f6da maailma r\u00e4ndama<\/a>&nbsp;&nbsp;Delfi Sport<\/li>\n<li><a href=\"https:\/\/news.google.com\/rss\/articles\/CBMinAFBVV95cUxPQ05lbzJIdlFnR1NRaEJfSm1jSGFFRHdCWVBWbzcydGNYR1ZIV0xYNzlUS0RXaXBlOXEtdVF3SVo1dG1FdmRvRHNjRm51cDhHa3R2ZzYwUUQ4ZVAycXl4dktLZEJKUm1oRnQ3M3lNbTM4TGVaUno0R19HWWpmLUlJR1RZdDJFUUJ5ZFR6aFBHdllXdUlvVGJJa0x6LVQ?oc=5\" target=\"_blank\" rel=\"nofollow noopener\">U-18 korvpallikoondis kaotas Serbiale ja l\u00f5petas EM-i k\u00fcmnendana<\/a>&nbsp;&nbsp;sport | ERR<\/li>\n<li><a href=\"https:\/\/news.google.com\/rss\/articles\/CBMikAFBVV95cUxQemlnd01jc01vU1RmQlJrbnFPeXd3T3h6ekpXc1NqLU5wOTh3R0d4cnB0bVJZLXl0dThhd2ZPU2FOU1NuMGdTQ3NOUHpfU3hqVWdYcWtxLXVwdnZpMDk3THBfSEtzU3RWLTJZX0VJa29UU3FIT0tBRE1mQktPQ29mRXBrS3FyS0NlSFd0RFJDT0E?oc=5\" target=\"_blank\" rel=\"nofollow noopener\">Eesti U18 korvpallikoondis l\u00f5petas EMi k\u00fcmnendana<\/a>&nbsp;&nbsp;\u00d5htuleht<\/li>\n<li><a href=\"https:\/\/news.google.com\/rss\/articles\/CBMiWkFVX3lxTE01WTFXUG5ycDBGdkpSOXY5WTNlSTM2UXE2dlRKUDA2SGk1RS02ZlJveFFiYnRXal9DNjZNZzFSZW9rMVB3Q0dhUjlwT3dyZGdLZU41eUwtb1FaUQ?oc=5\" target=\"_blank\" rel=\"nofollow noopener\">Uudised &#8211; Eesti U18 noormehed alistasid Leedu ja m\u00e4ngivad 9. koha eest<\/a>&nbsp;&nbsp;Eesti Korvpalliliit<\/li>\n<li><a href=\"https:\/\/news.google.com\/rss\/articles\/CBMiWkFVX3lxTE9fUlpsUG5EZzNUZU1nSlZtZ2FLMlpjNlBnbXQ4R21VNV94dDVodmZpbndubGt6aWQ4bHNsVEJtV1RQX1VHWXJPYktsV3BOZG05V2F6aXVyMENtQQ?oc=5\" target=\"_blank\" rel=\"nofollow noopener\">Uudised &#8211; Eesti U18 noormehed l\u00f5petasid EM-finaalturniiri 10. kohaga<\/a>&nbsp;&nbsp;Eesti Korvpalliliit<\/li>\n<\/ol>\n","protected":false},"excerpt":{"rendered":"Korvpallur Robert Kangur t\u00e4itis koondisega esmase eesm\u00e4rgi ja valmistub n\u00fc\u00fcd m\u00f6\u00f6da maailma r\u00e4ndama&nbsp;&nbsp;Delfi Sport U-18 korvpallikoondis kaotas Serbiale&hellip;\n","protected":false},"author":2,"featured_media":244218,"comment_status":"","ping_status":"","sticky":false,"template":"","format":"standard","meta":{"footnotes":"","_share_on_mastodon":"0"},"categories":[18],"tags":[37,33,35,36266,34,36,24988,39596,39364,159,158],"class_list":["post-244217","post","type-post","status-publish","format-standard","has-post-thumbnail","category-sport","tag-ee","tag-eesti","tag-eesti-keel","tag-eesti-u18-korvpallikoondis","tag-estonia","tag-estonian","tag-raido-roos","tag-robert-kangur","tag-roman-avdejev","tag-sport","tag-sports"],"share_on_mastodon":{"url":"https:\/\/pubeurope.com\/@ee\/117037671642557309","error":""},"_links":{"self":[{"href":"https:\/\/www.europesays.com\/ee\/wp-json\/wp\/v2\/posts\/244217","targetHints":{"allow":["GET"]}}],"collection":[{"href":"https:\/\/www.europesays.com\/ee\/wp-json\/wp\/v2\/posts"}],"about":[{"href":"https:\/\/www.europesays.com\/ee\/wp-json\/wp\/v2\/types\/post"}],"author":[{"embeddable":true,"href":"https:\/\/www.europesays.com\/ee\/wp-json\/wp\/v2\/users\/2"}],"replies":[{"embeddable":true,"href":"https:\/\/www.europesays.com\/ee\/wp-json\/wp\/v2\/comments?post=244217"}],"version-history":[{"count":0,"href":"https:\/\/www.europesays.com\/ee\/wp-json\/wp\/v2\/posts\/244217\/revisions"}],"wp:featuredmedia":[{"embeddable":true,"href":"https:\/\/www.europesays.com\/ee\/wp-json\/wp\/v2\/media\/244218"}],"wp:attachment":[{"href":"https:\/\/www.europesays.com\/ee\/wp-json\/wp\/v2\/media?parent=244217"}],"wp:term":[{"taxonomy":"category","embeddable":true,"href":"https:\/\/www.europesays.com\/ee\/wp-json\/wp\/v2\/categories?post=244217"},{"taxonomy":"post_tag","embeddable":true,"href":"https:\/\/www.europesays.com\/ee\/wp-json\/wp\/v2\/tags?post=244217"}],"curies":[{"name":"wp","href":"https:\/\/api.w.org\/{rel}","templated":true}]}}