{"id":244239,"date":"2026-08-04T14:43:33","date_gmt":"2026-08-04T14:43:33","guid":{"rendered":"https:\/\/www.europesays.com\/ee\/244239\/"},"modified":"2026-08-04T14:43:33","modified_gmt":"2026-08-04T14:43:33","slug":"taaniel-raudsepp-arvamusfestivali-edu-taga-on-tugev-sisu-ja-monus-ohkkond-raadio-2","status":"publish","type":"post","link":"https:\/\/www.europesays.com\/ee\/244239\/","title":{"rendered":"Taaniel Raudsepp: Arvamusfestivali edu taga on tugev sisu ja m\u00f5nus \u00f5hkkond | Raadio 2"},"content":{"rendered":"<p>Arvamusfestivali eestvedaja Taaniel Raudsepp r\u00e4\u00e4kis saates &#8220;R2 Hommik!&#8221;, et festivali edu taga on tugev sisu ja fantastiline \u00f5hkkond, kus ka keerulistel ja rasketel teemadel r\u00e4\u00e4kides tuntakse end vabalt.<\/p>\n<p>&#8220;K\u00f5igi nende tuhandete inimeste t\u00f6\u00f6 tulemusena, kes on festivaliga seotud, laabus eelmisel aastal k\u00f5ik kenasti. Kergendustunne festivali l\u00f5pus, kui me olime selle k\u00f5ik \u00e4ra teinud, oli fantastiline. Nii suurt tiimi ja nii suurt \u00fcritust polnud ma varem juhtinud. Erinevaid v\u00e4iksemaid ja suuremaid \u00f5ppetunde sain sealt sadu,&#8221; \u00fctles Taaniel Raudsepp, kes juhib Arvamusfestivali teist aastat.<\/p>\n<p>\u00d5nnestumise aluseks peab Raudsepp festivali sisu. &#8220;Sisu on kuningas. Meil on huvitavad arutelud, kus saab kaasa r\u00e4\u00e4kida ja sellele lisandub fantastiline \u00f5hkkond. Inimesed r\u00e4\u00e4givad vabalt ka keerulistest ja rasketest asjadest. Need kokku annavad selle \u00e4geda tulemuse,&#8221; t\u00f5des Raudsepp.<\/p>\n<p>Raudsepp t\u00f5i v\u00e4lja, et k\u00f5ik t\u00f5siseltv\u00f5etavad presidendikandidaadid v\u00f5tavad selle aja ja tulevad festivalile kohale.<\/p>\n<p>Festivalil n\u00e4eb ka noorte visuaalkunstnike n\u00e4itust. &#8220;\u00c4gedad noored eesti skulptorid,&#8221; lisas Raudsepp.<\/p>\n<p>T\u00e4navu j\u00e4tkatakse p\u00e4\u00e4smete s\u00fcsteemiga. &#8220;Iga\u00fcks, kes tuleb festivalile, v\u00f5tab p\u00e4\u00e4sme ja ise otsustab, kas ja kui palju ta selle eest maksta soovib, k\u00f5ik on okei. See raha investeeritakse samasse programmi. N\u00e4iteks on Arvamusfestivalil toetatud ala, kus inimesed saavad arutelu niimoodi \u00e4ra korraldada, et neil pole tehnilisi kulusid. Meie teeme ala valmis ja paneme mikrofonid \u00fcles. See on \u00fcks koht, kuhu me selle raha kulutame. Teine koht, kus me raha kasutame, on moderaatorite arenguprogrammid,&#8221; t\u00f5i Raudsepp v\u00e4lja.<\/p>\n<p>Keskv\u00e4ljaku kujundab sel aastal EKA rahvusvaheline sisearhitektuuri suvekool. &#8220;Noored, \u00fcle ilma kokku tulnud \u00e4gedad inimesed, kes oskavad disainida. Neil on selleks kasutada erinevad materjalid ja muuhulgas ka tuhat euroalust,&#8221; s\u00f5nas Raudsepp.<\/p>\n","protected":false},"excerpt":{"rendered":"Arvamusfestivali eestvedaja Taaniel Raudsepp r\u00e4\u00e4kis saates &#8220;R2 Hommik!&#8221;, et festivali edu taga on tugev sisu ja fantastiline \u00f5hkkond,&hellip;\n","protected":false},"author":2,"featured_media":244240,"comment_status":"","ping_status":"","sticky":false,"template":"","format":"standard","meta":{"footnotes":"","_share_on_mastodon":"0"},"categories":[12],"tags":[51767,26,27,37,33,35,34,36,31,32,21,28,29,19,25,69941,23,24,22,20,30],"class_list":["post-244239","post","type-post","status-publish","format-standard","has-post-thumbnail","category-eesti","tag-arvamusfestival","tag-breaking-news","tag-breakingnews","tag-ee","tag-eesti","tag-eesti-keel","tag-estonia","tag-estonian","tag-featured-news","tag-featurednews","tag-headlines","tag-latest-news","tag-latestnews","tag-news","tag-populaarseimad-lood","tag-taaniel-raudsepp","tag-top-stories","tag-topstories","tag-uldised-uudised","tag-uudised","tag-viimased-uudised"],"share_on_mastodon":{"url":"https:\/\/pubeurope.com\/@ee\/117037774094916965","error":""},"_links":{"self":[{"href":"https:\/\/www.europesays.com\/ee\/wp-json\/wp\/v2\/posts\/244239","targetHints":{"allow":["GET"]}}],"collection":[{"href":"https:\/\/www.europesays.com\/ee\/wp-json\/wp\/v2\/posts"}],"about":[{"href":"https:\/\/www.europesays.com\/ee\/wp-json\/wp\/v2\/types\/post"}],"author":[{"embeddable":true,"href":"https:\/\/www.europesays.com\/ee\/wp-json\/wp\/v2\/users\/2"}],"replies":[{"embeddable":true,"href":"https:\/\/www.europesays.com\/ee\/wp-json\/wp\/v2\/comments?post=244239"}],"version-history":[{"count":0,"href":"https:\/\/www.europesays.com\/ee\/wp-json\/wp\/v2\/posts\/244239\/revisions"}],"wp:featuredmedia":[{"embeddable":true,"href":"https:\/\/www.europesays.com\/ee\/wp-json\/wp\/v2\/media\/244240"}],"wp:attachment":[{"href":"https:\/\/www.europesays.com\/ee\/wp-json\/wp\/v2\/media?parent=244239"}],"wp:term":[{"taxonomy":"category","embeddable":true,"href":"https:\/\/www.europesays.com\/ee\/wp-json\/wp\/v2\/categories?post=244239"},{"taxonomy":"post_tag","embeddable":true,"href":"https:\/\/www.europesays.com\/ee\/wp-json\/wp\/v2\/tags?post=244239"}],"curies":[{"name":"wp","href":"https:\/\/api.w.org\/{rel}","templated":true}]}}