{"id":244259,"date":"2026-08-04T15:18:19","date_gmt":"2026-08-04T15:18:19","guid":{"rendered":"https:\/\/www.europesays.com\/ee\/244259\/"},"modified":"2026-08-04T15:18:19","modified_gmt":"2026-08-04T15:18:19","slug":"raudsepp-lubab-rahvusooperi-juurdeehitise-arutelu-uuesti-kaima-lukata","status":"publish","type":"post","link":"https:\/\/www.europesays.com\/ee\/244259\/","title":{"rendered":"Raudsepp lubab rahvusooperi juurdeehitise arutelu uuesti k\u00e4ima l\u00fckata"},"content":{"rendered":"<p class=\"MsoNormal\">\u00abLinnapeana tahan anda oma parima selleks, et suured arendused saaksid edasi liikuda. Niisuguste vajalike otsuste hulka kuulub ka Estonia teatri laiendus. Sellest on palju r\u00e4\u00e4gitud. Justkui Estonial oleks kolm erinevat varianti, kuidas edasi liikuda. Vahepeal tundub, nagu neid variante \u00fcldse ei oleks. Erinevatel p\u00f5hjustel ei sobi \u00fcks, teine ega kolmas. \u00d5igus on ajakirjandusel, kui ta \u00fctleb, et me oleme j\u00f5udnud selle k\u00fcsimusega kuidagi patiseisu,\u00bb r\u00e4\u00e4kis Raudsepp (Isamaa) Tallinna linnavalitsuse pressikonverentsil.<\/p>\n","protected":false},"excerpt":{"rendered":"\u00abLinnapeana tahan anda oma parima selleks, et suured arendused saaksid edasi liikuda. Niisuguste vajalike otsuste hulka kuulub ka&hellip;\n","protected":false},"author":2,"featured_media":244260,"comment_status":"","ping_status":"","sticky":false,"template":"","format":"standard","meta":{"footnotes":"","_share_on_mastodon":"0"},"categories":[5],"tags":[26,27,37,33,35,34,76510,96559,36,31,32,21,731,3859,28,29,10098,7221,19,4130,25,1789,640,17094,854,23744,23,24,22,20,30],"class_list":["post-244259","post","type-post","status-publish","format-standard","has-post-thumbnail","category-uldised-uudised","tag-breaking-news","tag-breakingnews","tag-ee","tag-eesti","tag-eesti-keel","tag-estonia","tag-estonia-puiestee","tag-estonia-teatri-laiendus","tag-estonian","tag-featured-news","tag-featurednews","tag-headlines","tag-isamaa","tag-kultuuripoliitika","tag-latest-news","tag-latestnews","tag-linnaplaneerimine","tag-muinsuskaitse","tag-news","tag-peeter-raudsepp","tag-populaarseimad-lood","tag-rahvusooper-estonia","tag-riigikogu","tag-tallinna-linnapea","tag-tallinna-linnavalitsus","tag-tammsaare-park","tag-top-stories","tag-topstories","tag-uldised-uudised","tag-uudised","tag-viimased-uudised"],"share_on_mastodon":{"url":"","error":"Validation failed: Text character limit of 500 exceeded"},"_links":{"self":[{"href":"https:\/\/www.europesays.com\/ee\/wp-json\/wp\/v2\/posts\/244259","targetHints":{"allow":["GET"]}}],"collection":[{"href":"https:\/\/www.europesays.com\/ee\/wp-json\/wp\/v2\/posts"}],"about":[{"href":"https:\/\/www.europesays.com\/ee\/wp-json\/wp\/v2\/types\/post"}],"author":[{"embeddable":true,"href":"https:\/\/www.europesays.com\/ee\/wp-json\/wp\/v2\/users\/2"}],"replies":[{"embeddable":true,"href":"https:\/\/www.europesays.com\/ee\/wp-json\/wp\/v2\/comments?post=244259"}],"version-history":[{"count":0,"href":"https:\/\/www.europesays.com\/ee\/wp-json\/wp\/v2\/posts\/244259\/revisions"}],"wp:featuredmedia":[{"embeddable":true,"href":"https:\/\/www.europesays.com\/ee\/wp-json\/wp\/v2\/media\/244260"}],"wp:attachment":[{"href":"https:\/\/www.europesays.com\/ee\/wp-json\/wp\/v2\/media?parent=244259"}],"wp:term":[{"taxonomy":"category","embeddable":true,"href":"https:\/\/www.europesays.com\/ee\/wp-json\/wp\/v2\/categories?post=244259"},{"taxonomy":"post_tag","embeddable":true,"href":"https:\/\/www.europesays.com\/ee\/wp-json\/wp\/v2\/tags?post=244259"}],"curies":[{"name":"wp","href":"https:\/\/api.w.org\/{rel}","templated":true}]}}