{"id":244271,"date":"2026-08-04T15:29:33","date_gmt":"2026-08-04T15:29:33","guid":{"rendered":"https:\/\/www.europesays.com\/ee\/244271\/"},"modified":"2026-08-04T15:29:33","modified_gmt":"2026-08-04T15:29:33","slug":"harjumaal-hukkus-elektritoukeratta-liiklusonnetuses-laps","status":"publish","type":"post","link":"https:\/\/www.europesays.com\/ee\/244271\/","title":{"rendered":"Harjumaal hukkus elektrit\u00f5ukeratta liiklus\u00f5nnetuses laps"},"content":{"rendered":"<p>Eelmise n\u00e4dala kolmap\u00e4eval, 29. juulil kella kahe paiku p\u00e4eval sai H\u00e4irekeskus teate elektrit\u00f5ukerattaga toimunud liiklus\u00f5nnetusest Harjumaal Anija vallas, milles sai raskelt vigastada 11-aastane poiss. Kiirabi viis lapse haiglasse, kuid hoolimata meedikute pingutustest ta laup\u00e4eva ennel\u00f5unal suri, teatab BNS.<\/p>\n<ol start=\"29\" data-path-to-node=\"2\">\n<li>\n<p data-path-to-node=\"2,0,0\">juulil kella kahe paiku p\u00e4eval laekus H\u00e4irekeskusele teade raskest elektrit\u00f5ukeratta liiklus\u00f5nnetusest Harju maakonnas Anija vallas. P\u00f5hja prefektuuri operatiivjuhi Madis Allaku s\u00f5nul s\u00f5itis 11-aastane poiss esialgsetel andmetel elektrit\u00f5ukerattaga KuKirin G2 Master, kui kaotas sirgel teel\u00f5igul juhtimise ja kukkus. \u00abKiirabi toimetas poisi haiglasse, kuid kahjuks ei \u00f5nnestunud arstidel tema elu p\u00e4\u00e4sta ning ta suri laup\u00e4eva ennel\u00f5unal,\u00bb \u00fctles Allak.<\/p>\n<\/li>\n<\/ol>\n<p data-path-to-node=\"3\">\u00abOlemasoleva info p\u00f5hjal on meil alust arvata, ett\u00e4 poiss v\u00f5is \u00fcletada lubatud kiirust,\u00bb lisas ta. Liiklus\u00f5nnetuse hetkel oli poiss ilma kiivrita.<\/p>\n<p data-path-to-node=\"4\">Tootja andmetel ulatub elektrit\u00f5ukeratta KuKirin G2 Master maksimaalne kiirus 60 km\/h. Trag\u00f6\u00f6dia t\u00e4psed asjaolud tehakse kindlaks kriminaalmenetluse k\u00e4igus.<\/p>\n","protected":false},"excerpt":{"rendered":"Eelmise n\u00e4dala kolmap\u00e4eval, 29. juulil kella kahe paiku p\u00e4eval sai H\u00e4irekeskus teate elektrit\u00f5ukerattaga toimunud liiklus\u00f5nnetusest Harjumaal Anija vallas,&hellip;\n","protected":false},"author":2,"featured_media":244272,"comment_status":"","ping_status":"","sticky":false,"template":"","format":"standard","meta":{"footnotes":"","_share_on_mastodon":"0"},"categories":[5],"tags":[96569,96570,26,27,37,33,35,34,36,31,32,3933,21,566,96471,28,29,19,25,23,24,22,20,30],"class_list":["post-244271","post","type-post","status-publish","format-standard","has-post-thumbnail","category-uldised-uudised","tag-11-aastane-poiss","tag-anija-vallas","tag-breaking-news","tag-breakingnews","tag-ee","tag-eesti","tag-eesti-keel","tag-estonia","tag-estonian","tag-featured-news","tag-featurednews","tag-hairekeskus","tag-headlines","tag-kiirabi","tag-kukirin-g2-master","tag-latest-news","tag-latestnews","tag-news","tag-populaarseimad-lood","tag-top-stories","tag-topstories","tag-uldised-uudised","tag-uudised","tag-viimased-uudised"],"share_on_mastodon":{"url":"https:\/\/pubeurope.com\/@ee\/117037954641947701","error":""},"_links":{"self":[{"href":"https:\/\/www.europesays.com\/ee\/wp-json\/wp\/v2\/posts\/244271","targetHints":{"allow":["GET"]}}],"collection":[{"href":"https:\/\/www.europesays.com\/ee\/wp-json\/wp\/v2\/posts"}],"about":[{"href":"https:\/\/www.europesays.com\/ee\/wp-json\/wp\/v2\/types\/post"}],"author":[{"embeddable":true,"href":"https:\/\/www.europesays.com\/ee\/wp-json\/wp\/v2\/users\/2"}],"replies":[{"embeddable":true,"href":"https:\/\/www.europesays.com\/ee\/wp-json\/wp\/v2\/comments?post=244271"}],"version-history":[{"count":0,"href":"https:\/\/www.europesays.com\/ee\/wp-json\/wp\/v2\/posts\/244271\/revisions"}],"wp:featuredmedia":[{"embeddable":true,"href":"https:\/\/www.europesays.com\/ee\/wp-json\/wp\/v2\/media\/244272"}],"wp:attachment":[{"href":"https:\/\/www.europesays.com\/ee\/wp-json\/wp\/v2\/media?parent=244271"}],"wp:term":[{"taxonomy":"category","embeddable":true,"href":"https:\/\/www.europesays.com\/ee\/wp-json\/wp\/v2\/categories?post=244271"},{"taxonomy":"post_tag","embeddable":true,"href":"https:\/\/www.europesays.com\/ee\/wp-json\/wp\/v2\/tags?post=244271"}],"curies":[{"name":"wp","href":"https:\/\/api.w.org\/{rel}","templated":true}]}}