{"id":244297,"date":"2026-08-04T16:10:16","date_gmt":"2026-08-04T16:10:16","guid":{"rendered":"https:\/\/www.europesays.com\/ee\/244297\/"},"modified":"2026-08-04T16:10:16","modified_gmt":"2026-08-04T16:10:16","slug":"laskesuusataht-emilien-jacquelin-paases-prantsusmaa-jalgrattakoondisse","status":"publish","type":"post","link":"https:\/\/www.europesays.com\/ee\/244297\/","title":{"rendered":"Laskesuusat\u00e4ht Emilien Jacquelin p\u00e4\u00e4ses Prantsusmaa jalgrattakoondisse"},"content":{"rendered":"<p>31-aastane Jacquelin otsustas jalgrattaspordile keskenduda p\u00e4rast eelmise talihooaja l\u00f5ppu, kui ta liitus profimeeskonna Decathelon CMA CGM j\u00e4relkasvutiimiga.<\/p>\n<p>N\u00fc\u00fcd saab prantslane esimese v\u00f5imaluse ka jalgratta rahvuskoondist esindada, sest ta arvati 21. augustil Itaalias Tarantos algavateks Vahemerem\u00e4ngudeks Prantsuse meeskonda. Jacquelin l\u00e4heb starti 24. augustil, kui peetakse meeste grupis\u00f5it. Laskesuusat\u00e4ht on seejuures ainus grupis\u00f5idus osalev prantslane.<\/p>\n<p>\u00dcldse l\u00e4heb Prantsusmaa koondis Vahemerem\u00e4ngudele 330-liikmelise esindusega, kellest 32 on ol\u00fcmpiakogemusega sportlased.<\/p>\n<p>T\u00e4navusel Milano-Cortina taliol\u00fcmpial v\u00f5itis Jacquelin 12,5 km j\u00e4lituss\u00f5idus pronksmedali ja tuli koos Prantsusmaa teatemeeskonnaga kuldmedalile. Pekingi 2022. aasta ol\u00fcmpial v\u00f5itis ta kaks h\u00f5bemedalit. Lisaks on prantslane viiekordne maailmameister.<\/p>\n<p>Kuidas see lugu Sind end tundma pani?Saada<a href=\"https:\/\/sport.delfi.ee\/artikkel\/120601642\/laskesuusataht-emilien-jacquelin-paases-prantsusmaa-jalgrattakoondisse\/kommentaarid\" class=\"button button--primary button--size-auto article-body-bottom__comment article-body-bottom__comment--write\" style=\"\" rel=\"nofollow noopener\" target=\"_blank\">Kommenteeri<\/a><a href=\"https:\/\/sport.delfi.ee\/artikkel\/120601642\/laskesuusataht-emilien-jacquelin-paases-prantsusmaa-jalgrattakoondisse\/kommentaarid\" class=\"button button--size-auto article-body-bottom__comment article-body-bottom__comment--read\" style=\"\" rel=\"nofollow noopener\" target=\"_blank\">Loe kommentaare <\/a><\/p>\n","protected":false},"excerpt":{"rendered":"31-aastane Jacquelin otsustas jalgrattaspordile keskenduda p\u00e4rast eelmise talihooaja l\u00f5ppu, kui ta liitus profimeeskonna Decathelon CMA CGM j\u00e4relkasvutiimiga. N\u00fc\u00fcd&hellip;\n","protected":false},"author":2,"featured_media":244298,"comment_status":"","ping_status":"","sticky":false,"template":"","format":"standard","meta":{"footnotes":"","_share_on_mastodon":"0"},"categories":[18],"tags":[37,33,35,27124,34,36,520,2998,159,158],"class_list":["post-244297","post","type-post","status-publish","format-standard","has-post-thumbnail","category-sport","tag-ee","tag-eesti","tag-eesti-keel","tag-emilien-jacquelin","tag-estonia","tag-estonian","tag-jalgrattasport","tag-laskesuusatamine","tag-sport","tag-sports"],"share_on_mastodon":{"url":"https:\/\/pubeurope.com\/@ee\/117038116014655929","error":""},"_links":{"self":[{"href":"https:\/\/www.europesays.com\/ee\/wp-json\/wp\/v2\/posts\/244297","targetHints":{"allow":["GET"]}}],"collection":[{"href":"https:\/\/www.europesays.com\/ee\/wp-json\/wp\/v2\/posts"}],"about":[{"href":"https:\/\/www.europesays.com\/ee\/wp-json\/wp\/v2\/types\/post"}],"author":[{"embeddable":true,"href":"https:\/\/www.europesays.com\/ee\/wp-json\/wp\/v2\/users\/2"}],"replies":[{"embeddable":true,"href":"https:\/\/www.europesays.com\/ee\/wp-json\/wp\/v2\/comments?post=244297"}],"version-history":[{"count":0,"href":"https:\/\/www.europesays.com\/ee\/wp-json\/wp\/v2\/posts\/244297\/revisions"}],"wp:featuredmedia":[{"embeddable":true,"href":"https:\/\/www.europesays.com\/ee\/wp-json\/wp\/v2\/media\/244298"}],"wp:attachment":[{"href":"https:\/\/www.europesays.com\/ee\/wp-json\/wp\/v2\/media?parent=244297"}],"wp:term":[{"taxonomy":"category","embeddable":true,"href":"https:\/\/www.europesays.com\/ee\/wp-json\/wp\/v2\/categories?post=244297"},{"taxonomy":"post_tag","embeddable":true,"href":"https:\/\/www.europesays.com\/ee\/wp-json\/wp\/v2\/tags?post=244297"}],"curies":[{"name":"wp","href":"https:\/\/api.w.org\/{rel}","templated":true}]}}