{"id":244323,"date":"2026-08-04T16:48:08","date_gmt":"2026-08-04T16:48:08","guid":{"rendered":"https:\/\/www.europesays.com\/ee\/244323\/"},"modified":"2026-08-04T16:48:08","modified_gmt":"2026-08-04T16:48:08","slug":"intervjuu-%e2%9f%a9-ketlin-priilinn-hairiv-on-juba-see-et-noor-poiss-leitakse-julmalt-morvatuna","status":"publish","type":"post","link":"https:\/\/www.europesays.com\/ee\/244323\/","title":{"rendered":"INTERVJUU \u27e9 Ketlin Priilinn: \u00abH\u00e4iriv on juba see, et noor poiss leitakse julmalt m\u00f5rvatuna\u00bb"},"content":{"rendered":"<p>K\u00f5igest 17-aastane poiss kaob kodust. Vanemad usuvad alguses, et ta on \u00e4ra jooksnud, kuid asjad v\u00f5tavad jahmatava p\u00f6\u00f6rde ning kogu lugu muutub aina s\u00fcngemaks ja s\u00fcngemaks.<\/p>\n<p>Hulljulge ja nutikas naisdetektiiv asub taas verdtarretavaid m\u00f5rvu lahti harutama.<\/p>\n<p>Uus krimip\u00f5nevik \u00abRebecca Lindebergi\u00bb sari paneb lugejate n\u00e4rvikava t\u00f5siselt proovile. Kes nii usutavad, ettearvamatuid ja hirmu\u00e4ratavad lugudis k\u00fcll v\u00e4lja suudab m\u00f5elda? Postimees Raamatud ajas juttu autori Ketlin Priilinnaga.<\/p>\n","protected":false},"excerpt":{"rendered":"K\u00f5igest 17-aastane poiss kaob kodust. Vanemad usuvad alguses, et ta on \u00e4ra jooksnud, kuid asjad v\u00f5tavad jahmatava p\u00f6\u00f6rde&hellip;\n","protected":false},"author":2,"featured_media":244324,"comment_status":"","ping_status":"","sticky":false,"template":"","format":"standard","meta":{"footnotes":"","_share_on_mastodon":"0"},"categories":[12],"tags":[17889,17890,26,27,17892,37,33,35,34,36,31,32,17891,21,178,28,29,19,25,10292,17894,23,24,22,20,17893,30],"class_list":["post-244323","post","type-post","status-publish","format-standard","has-post-thumbnail","category-eesti","tag-apollo-raamatupood","tag-bestsellerid","tag-breaking-news","tag-breakingnews","tag-e-raamatud","tag-ee","tag-eesti","tag-eesti-keel","tag-estonia","tag-estonian","tag-featured-news","tag-featurednews","tag-hea-lugemine","tag-headlines","tag-kirjandus","tag-latest-news","tag-latestnews","tag-news","tag-populaarseimad-lood","tag-raamatud","tag-raamatute-top","tag-top-stories","tag-topstories","tag-uldised-uudised","tag-uudised","tag-uued-raamatud","tag-viimased-uudised"],"share_on_mastodon":{"url":"https:\/\/pubeurope.com\/@ee\/117038265501745645","error":""},"_links":{"self":[{"href":"https:\/\/www.europesays.com\/ee\/wp-json\/wp\/v2\/posts\/244323","targetHints":{"allow":["GET"]}}],"collection":[{"href":"https:\/\/www.europesays.com\/ee\/wp-json\/wp\/v2\/posts"}],"about":[{"href":"https:\/\/www.europesays.com\/ee\/wp-json\/wp\/v2\/types\/post"}],"author":[{"embeddable":true,"href":"https:\/\/www.europesays.com\/ee\/wp-json\/wp\/v2\/users\/2"}],"replies":[{"embeddable":true,"href":"https:\/\/www.europesays.com\/ee\/wp-json\/wp\/v2\/comments?post=244323"}],"version-history":[{"count":0,"href":"https:\/\/www.europesays.com\/ee\/wp-json\/wp\/v2\/posts\/244323\/revisions"}],"wp:featuredmedia":[{"embeddable":true,"href":"https:\/\/www.europesays.com\/ee\/wp-json\/wp\/v2\/media\/244324"}],"wp:attachment":[{"href":"https:\/\/www.europesays.com\/ee\/wp-json\/wp\/v2\/media?parent=244323"}],"wp:term":[{"taxonomy":"category","embeddable":true,"href":"https:\/\/www.europesays.com\/ee\/wp-json\/wp\/v2\/categories?post=244323"},{"taxonomy":"post_tag","embeddable":true,"href":"https:\/\/www.europesays.com\/ee\/wp-json\/wp\/v2\/tags?post=244323"}],"curies":[{"name":"wp","href":"https:\/\/api.w.org\/{rel}","templated":true}]}}