{"id":244331,"date":"2026-08-04T17:07:12","date_gmt":"2026-08-04T17:07:12","guid":{"rendered":"https:\/\/www.europesays.com\/ee\/244331\/"},"modified":"2026-08-04T17:07:12","modified_gmt":"2026-08-04T17:07:12","slug":"mm-il-saranud-norra-varavavahi-too-jatkub-saksamaal-jalgpall","status":"publish","type":"post","link":"https:\/\/www.europesays.com\/ee\/244331\/","title":{"rendered":"MM-il s\u00e4ranud Norra v\u00e4ravavahi t\u00f6\u00f6 j\u00e4tkub Saksamaal | Jalgpall"},"content":{"rendered":"<p>Jalgpalli maailmameistriv\u00f5istluste finaalturniiril koos Norra koondisega palju t\u00e4helepanu p\u00e4lvinud v\u00e4ravavaht \u00d6rjan Nyland hakkab m\u00e4ngima Saksamaa klubi RB Leipzigi ridades.<\/p>\n<p>35-aastase puuriluku jaoks pole tegemist uue kohaga, sest kuulus samasse klubisse ka hooajal 2022\/2023. Siis tuli tal k\u00fcll t\u00e4ita varumehe rolli ja sai platsile vaid kolmeks kohtumiseks.<\/p>\n<p>P\u00e4rast seda siirdus Nyland m\u00e4ngima Hispaania k\u00f5rgliigas pallivasse Sevillasse, kus kogunes kolme hooaja peale 59 kohtumist. Suvine suurturniir P\u00f5hja-Ameerikas l\u00e4ks tal aga v\u00e4ga h\u00e4sti.<\/p>\n<p>Norra koondis j\u00f5udis veerandfinaali ja Nyland t\u00e4itis esikinda rolli. Seejuures kaheksandikfinaalis saadi m\u00e4lestusv\u00e4\u00e4rne 2:1 v\u00f5it Brasiilia \u00fcle. Norralasel \u00f5nnestus selles kohtumises t\u00f5rjuda ka Bruno Guimaraesi penalti.<\/p>\n<p>&#8220;Kui avanes v\u00f5imalus RB Leipzigisse naasta, ei pidanud ma kaks korda m\u00f5tlema,&#8221; kommenteeris m\u00e4ngija. &#8220;Mul on klubist ja siinsetest inimestest palju positiivseid m\u00e4lestusi ning ootan v\u00e4ga taaskohtumisi.&#8221;<\/p>\n<p>RB Leipzigi esiv\u00e4ravavaht oli pikki aastaid ungarlane Peter Gulacsi, kes liitus aga t\u00e4navu suvel Hispaania k\u00f5rgliigas m\u00e4ngiva Villarrealiga.<\/p>\n","protected":false},"excerpt":{"rendered":"Jalgpalli maailmameistriv\u00f5istluste finaalturniiril koos Norra koondisega palju t\u00e4helepanu p\u00e4lvinud v\u00e4ravavaht \u00d6rjan Nyland hakkab m\u00e4ngima Saksamaa klubi RB Leipzigi&hellip;\n","protected":false},"author":2,"featured_media":244332,"comment_status":"","ping_status":"","sticky":false,"template":"","format":"standard","meta":{"footnotes":"","_share_on_mastodon":"0"},"categories":[18],"tags":[37,33,35,34,36,70976,1161,159,158],"class_list":["post-244331","post","type-post","status-publish","format-standard","has-post-thumbnail","category-sport","tag-ee","tag-eesti","tag-eesti-keel","tag-estonia","tag-estonian","tag-orjan-nyland","tag-rb-leipzig","tag-sport","tag-sports"],"share_on_mastodon":{"url":"https:\/\/pubeurope.com\/@ee\/117038339980520046","error":""},"_links":{"self":[{"href":"https:\/\/www.europesays.com\/ee\/wp-json\/wp\/v2\/posts\/244331","targetHints":{"allow":["GET"]}}],"collection":[{"href":"https:\/\/www.europesays.com\/ee\/wp-json\/wp\/v2\/posts"}],"about":[{"href":"https:\/\/www.europesays.com\/ee\/wp-json\/wp\/v2\/types\/post"}],"author":[{"embeddable":true,"href":"https:\/\/www.europesays.com\/ee\/wp-json\/wp\/v2\/users\/2"}],"replies":[{"embeddable":true,"href":"https:\/\/www.europesays.com\/ee\/wp-json\/wp\/v2\/comments?post=244331"}],"version-history":[{"count":0,"href":"https:\/\/www.europesays.com\/ee\/wp-json\/wp\/v2\/posts\/244331\/revisions"}],"wp:featuredmedia":[{"embeddable":true,"href":"https:\/\/www.europesays.com\/ee\/wp-json\/wp\/v2\/media\/244332"}],"wp:attachment":[{"href":"https:\/\/www.europesays.com\/ee\/wp-json\/wp\/v2\/media?parent=244331"}],"wp:term":[{"taxonomy":"category","embeddable":true,"href":"https:\/\/www.europesays.com\/ee\/wp-json\/wp\/v2\/categories?post=244331"},{"taxonomy":"post_tag","embeddable":true,"href":"https:\/\/www.europesays.com\/ee\/wp-json\/wp\/v2\/tags?post=244331"}],"curies":[{"name":"wp","href":"https:\/\/api.w.org\/{rel}","templated":true}]}}