{"id":244377,"date":"2026-08-04T18:17:16","date_gmt":"2026-08-04T18:17:16","guid":{"rendered":"https:\/\/www.europesays.com\/ee\/244377\/"},"modified":"2026-08-04T18:17:16","modified_gmt":"2026-08-04T18:17:16","slug":"rahvamassid-ja-pimestavad-tuled-kuidas-syn-cole-markamatult-eesti-tantsumuusikat-domineerib","status":"publish","type":"post","link":"https:\/\/www.europesays.com\/ee\/244377\/","title":{"rendered":"Rahvamassid ja pimestavad tuled &#8211; kuidas Syn Cole m\u00e4rkamatult Eesti tantsumuusikat domineerib"},"content":{"rendered":"<p class=\"MsoNormal\">Cole&#8217;i intervjueerimiseks valmistudes loen ajakirja Esquire artiklit sellest, kuidas Bruce Springsteen teeb kontserdi jaoks soundcheck&#8217;i. Springsteen harjutab k\u00f5iki pealtn\u00e4ha spontaanseid poose: pidulik \u017eest langetatud pea ja \u00fcles t\u00f5stetud rusikaga, ikooniline Fenderi t\u00f5stmine. Viienda laulu keskel tutvustab ta b\u00e4ndi. Siis v\u00f5tab mikrofoni ja k\u00f5nnib laval ringi. \u00abTere \u00f5htust, daamid ja h\u00e4rrad,\u00bb \u00fctleb ta t\u00fchjale staadionile. \u00abMul on nii hea meel olla t\u00e4na \u00f5htul siin teie kaunis linnas.\u00bb<\/p>\n","protected":false},"excerpt":{"rendered":"Cole&#8217;i intervjueerimiseks valmistudes loen ajakirja Esquire artiklit sellest, kuidas Bruce Springsteen teeb kontserdi jaoks soundcheck&#8217;i. Springsteen harjutab k\u00f5iki&hellip;\n","protected":false},"author":2,"featured_media":244378,"comment_status":"","ping_status":"","sticky":false,"template":"","format":"standard","meta":{"footnotes":"","_share_on_mastodon":"0"},"categories":[80],"tags":[96594,11311,96593,26,27,96591,696,15737,96589,37,33,35,34,36,31,32,96592,96595,21,28,29,96588,95,96590,19,25,6580,96587,23,24,22,20,30,92,93,94],"class_list":["post-244377","post","type-post","status-publish","format-standard","has-post-thumbnail","category-maailm","tag-1001-tracklists","tag-avicii","tag-beatport","tag-breaking-news","tag-breakingnews","tag-bright-lights","tag-calvin-harris","tag-coldplay","tag-creamfields","tag-ee","tag-eesti","tag-eesti-keel","tag-estonia","tag-estonian","tag-featured-news","tag-featurednews","tag-feel-good","tag-ferry-corsten","tag-headlines","tag-latest-news","tag-latestnews","tag-le7els-records","tag-maailm","tag-miami-82","tag-news","tag-populaarseimad-lood","tag-spotify","tag-syn-cole","tag-top-stories","tag-topstories","tag-uldised-uudised","tag-uudised","tag-viimased-uudised","tag-world","tag-world-news","tag-worldnews"],"share_on_mastodon":{"url":"","error":"Validation failed: Text character limit of 500 exceeded"},"_links":{"self":[{"href":"https:\/\/www.europesays.com\/ee\/wp-json\/wp\/v2\/posts\/244377","targetHints":{"allow":["GET"]}}],"collection":[{"href":"https:\/\/www.europesays.com\/ee\/wp-json\/wp\/v2\/posts"}],"about":[{"href":"https:\/\/www.europesays.com\/ee\/wp-json\/wp\/v2\/types\/post"}],"author":[{"embeddable":true,"href":"https:\/\/www.europesays.com\/ee\/wp-json\/wp\/v2\/users\/2"}],"replies":[{"embeddable":true,"href":"https:\/\/www.europesays.com\/ee\/wp-json\/wp\/v2\/comments?post=244377"}],"version-history":[{"count":0,"href":"https:\/\/www.europesays.com\/ee\/wp-json\/wp\/v2\/posts\/244377\/revisions"}],"wp:featuredmedia":[{"embeddable":true,"href":"https:\/\/www.europesays.com\/ee\/wp-json\/wp\/v2\/media\/244378"}],"wp:attachment":[{"href":"https:\/\/www.europesays.com\/ee\/wp-json\/wp\/v2\/media?parent=244377"}],"wp:term":[{"taxonomy":"category","embeddable":true,"href":"https:\/\/www.europesays.com\/ee\/wp-json\/wp\/v2\/categories?post=244377"},{"taxonomy":"post_tag","embeddable":true,"href":"https:\/\/www.europesays.com\/ee\/wp-json\/wp\/v2\/tags?post=244377"}],"curies":[{"name":"wp","href":"https:\/\/api.w.org\/{rel}","templated":true}]}}