{"id":244379,"date":"2026-08-04T18:18:21","date_gmt":"2026-08-04T18:18:21","guid":{"rendered":"https:\/\/www.europesays.com\/ee\/244379\/"},"modified":"2026-08-04T18:18:21","modified_gmt":"2026-08-04T18:18:21","slug":"ta-ajab-arusaamatut-juttu-tallinna-meer-ja-siseminister-ei-suuda-kohtumise-aega-kokku-leppida","status":"publish","type":"post","link":"https:\/\/www.europesays.com\/ee\/244379\/","title":{"rendered":"\u201eTa ajab arusaamatut juttu.\u201c Tallinna meer ja siseminister ei suuda kohtumise aega kokku leppida"},"content":{"rendered":"<p>Juulis kerkis sotsiaalmeedias \u00fcles arutelu Toompeal asuva Nevski katedraali tuleviku \u00fcmber. Nimelt tegi ajaloolane Lauri Vahtre (Isamaa) sotsiaalmeedias postituse, kus m\u00e4rkis, et Nevski katedraali lammutamise asemel v\u00f5iks selle n\u00e4iteks \u00e4raviimiseks maha m\u00fc\u00fca. Kommentaariumis v\u00f5ttis muu hulgas s\u00f5na siseminister Taro, kes kirjutas, et Isamaa on praegu Tallinnas v\u00f5imul ning erakond v\u00f5iks l\u00f5petada rendilepingu. Selle peale reageeris Tallinna linnapea Peeter Raudsepp, kes tegi ministrile ettepaneku kohtumiseks, kuna julgeolekuga seotud otsuseid ei saa teha Facebooki postituse p\u00f5hjal. <\/p>\n<p class=\"Paragraph SCXW153144612 BCX0\">T\u00e4nasel Tallinna linna pressikonverentsil \u00fctles Raudsepp, et kohtumine Taroga j\u00e4\u00e4b \u00e4ra. \u201e\u00dcle-eelmisel n\u00e4dalal kutsusin siseministri, h\u00e4rra Igor Taro kohtumisele, et arutada tema v\u00e4lja\u00fctlemisi seoses Nevski katedraali ja julgeoleku riskide kohta. Soovisin saada selgust, missugune on ministri positsioon, missugune on vabariigi valitsuse positsioon ja missugused on need riskid siis t\u00e4psemalt. Ja kuidas linna peaks selles olukorras k\u00e4ituma,\u201c r\u00e4\u00e4kis ta. <\/p>\n<p><a href=\"https:\/\/www.delfi.ee\/artikkel\/120601595\/tallinna-meeri-vaitel-jattis-taro-nevski-kohtumise-ara-taro-mina-kuulen-sellest-meediast\/kommentaarid\" class=\"article-body-bottom__comment article-body-bottom__comment--write button button--primary button--size-auto\" rel=\"nofollow noopener\" target=\"_blank\"> Kommenteeri <\/a><a href=\"https:\/\/www.delfi.ee\/artikkel\/120601595\/tallinna-meeri-vaitel-jattis-taro-nevski-kohtumise-ara-taro-mina-kuulen-sellest-meediast\/kommentaarid\" class=\"article-body-bottom__comment article-body-bottom__comment--read button button--size-auto\" rel=\"nofollow noopener\" target=\"_blank\"> Loe kommentaare (142)<\/a><\/p>\n","protected":false},"excerpt":{"rendered":"Juulis kerkis sotsiaalmeedias \u00fcles arutelu Toompeal asuva Nevski katedraali tuleviku \u00fcmber. Nimelt tegi ajaloolane Lauri Vahtre (Isamaa) sotsiaalmeedias&hellip;\n","protected":false},"author":2,"featured_media":244380,"comment_status":"","ping_status":"","sticky":false,"template":"","format":"standard","meta":{"footnotes":"","_share_on_mastodon":"0"},"categories":[12],"tags":[26,27,37,33,35,34,36,31,32,21,614,28,29,93674,19,4130,25,23,24,22,20,30],"class_list":["post-244379","post","type-post","status-publish","format-standard","has-post-thumbnail","category-eesti","tag-breaking-news","tag-breakingnews","tag-ee","tag-eesti","tag-eesti-keel","tag-estonia","tag-estonian","tag-featured-news","tag-featurednews","tag-headlines","tag-igor-taro","tag-latest-news","tag-latestnews","tag-nevski-katedraal","tag-news","tag-peeter-raudsepp","tag-populaarseimad-lood","tag-top-stories","tag-topstories","tag-uldised-uudised","tag-uudised","tag-viimased-uudised"],"share_on_mastodon":{"url":"https:\/\/pubeurope.com\/@ee\/117038619284885994","error":""},"_links":{"self":[{"href":"https:\/\/www.europesays.com\/ee\/wp-json\/wp\/v2\/posts\/244379","targetHints":{"allow":["GET"]}}],"collection":[{"href":"https:\/\/www.europesays.com\/ee\/wp-json\/wp\/v2\/posts"}],"about":[{"href":"https:\/\/www.europesays.com\/ee\/wp-json\/wp\/v2\/types\/post"}],"author":[{"embeddable":true,"href":"https:\/\/www.europesays.com\/ee\/wp-json\/wp\/v2\/users\/2"}],"replies":[{"embeddable":true,"href":"https:\/\/www.europesays.com\/ee\/wp-json\/wp\/v2\/comments?post=244379"}],"version-history":[{"count":0,"href":"https:\/\/www.europesays.com\/ee\/wp-json\/wp\/v2\/posts\/244379\/revisions"}],"wp:featuredmedia":[{"embeddable":true,"href":"https:\/\/www.europesays.com\/ee\/wp-json\/wp\/v2\/media\/244380"}],"wp:attachment":[{"href":"https:\/\/www.europesays.com\/ee\/wp-json\/wp\/v2\/media?parent=244379"}],"wp:term":[{"taxonomy":"category","embeddable":true,"href":"https:\/\/www.europesays.com\/ee\/wp-json\/wp\/v2\/categories?post=244379"},{"taxonomy":"post_tag","embeddable":true,"href":"https:\/\/www.europesays.com\/ee\/wp-json\/wp\/v2\/tags?post=244379"}],"curies":[{"name":"wp","href":"https:\/\/api.w.org\/{rel}","templated":true}]}}