{"id":244441,"date":"2026-08-04T21:08:09","date_gmt":"2026-08-04T21:08:09","guid":{"rendered":"https:\/\/www.europesays.com\/ee\/244441\/"},"modified":"2026-08-04T21:08:09","modified_gmt":"2026-08-04T21:08:09","slug":"vitali-portnikov-putin-raagib-mida-koike-olla-stalin-ukrainale-kinkinud-eestlased-moistavad-mille-arvelt-see-tuli-2","status":"publish","type":"post","link":"https:\/\/www.europesays.com\/ee\/244441\/","title":{"rendered":"Vitali Portnikov: Putin r\u00e4\u00e4gib, mida k\u00f5ike olla Stalin Ukrainale kinkinud. Eestlased m\u00f5istavad, mille arvelt see tuli"},"content":{"rendered":"<p>See on Venemaa juhi tavap\u00e4rane pseudoajalooline manipulatsioon. Vaevalt Stalin N\u00f5ukogude Liidu lagunemist uskus, aga mingit Ukrainat tema jaoks ei eksisteerinud. Ta suhtus p\u00f5lglikult k\u00f5ikide liiduvabariikide staatusse alates oma kuulsast poleemikast Leniniga, kui toonane N\u00f5ukogude Venemaa rahvussuhete komissar n\u00f5udis, et k\u00f5ik N\u00f5ukogude vabariigid lisataks autonoomsete \u00fcksustena Vene NFSV koosseisu.<\/p>\n","protected":false},"excerpt":{"rendered":"See on Venemaa juhi tavap\u00e4rane pseudoajalooline manipulatsioon. Vaevalt Stalin N\u00f5ukogude Liidu lagunemist uskus, aga mingit Ukrainat tema jaoks&hellip;\n","protected":false},"author":2,"featured_media":244442,"comment_status":"","ping_status":"","sticky":false,"template":"","format":"standard","meta":{"footnotes":"","_share_on_mastodon":"0"},"categories":[5],"tags":[26,27,37,33,35,34,36,31,32,21,43392,28,29,19,431,25,107,23,24,22,20,30,661],"class_list":["post-244441","post","type-post","status-publish","format-standard","has-post-thumbnail","category-uldised-uudised","tag-breaking-news","tag-breakingnews","tag-ee","tag-eesti","tag-eesti-keel","tag-estonia","tag-estonian","tag-featured-news","tag-featurednews","tag-headlines","tag-jossif-stalin","tag-latest-news","tag-latestnews","tag-news","tag-noukogude-liit","tag-populaarseimad-lood","tag-soda-ukrainas","tag-top-stories","tag-topstories","tag-uldised-uudised","tag-uudised","tag-viimased-uudised","tag-vladimir-putin"],"share_on_mastodon":{"url":"https:\/\/pubeurope.com\/@ee\/117039287774353053","error":""},"_links":{"self":[{"href":"https:\/\/www.europesays.com\/ee\/wp-json\/wp\/v2\/posts\/244441","targetHints":{"allow":["GET"]}}],"collection":[{"href":"https:\/\/www.europesays.com\/ee\/wp-json\/wp\/v2\/posts"}],"about":[{"href":"https:\/\/www.europesays.com\/ee\/wp-json\/wp\/v2\/types\/post"}],"author":[{"embeddable":true,"href":"https:\/\/www.europesays.com\/ee\/wp-json\/wp\/v2\/users\/2"}],"replies":[{"embeddable":true,"href":"https:\/\/www.europesays.com\/ee\/wp-json\/wp\/v2\/comments?post=244441"}],"version-history":[{"count":0,"href":"https:\/\/www.europesays.com\/ee\/wp-json\/wp\/v2\/posts\/244441\/revisions"}],"wp:featuredmedia":[{"embeddable":true,"href":"https:\/\/www.europesays.com\/ee\/wp-json\/wp\/v2\/media\/244442"}],"wp:attachment":[{"href":"https:\/\/www.europesays.com\/ee\/wp-json\/wp\/v2\/media?parent=244441"}],"wp:term":[{"taxonomy":"category","embeddable":true,"href":"https:\/\/www.europesays.com\/ee\/wp-json\/wp\/v2\/categories?post=244441"},{"taxonomy":"post_tag","embeddable":true,"href":"https:\/\/www.europesays.com\/ee\/wp-json\/wp\/v2\/tags?post=244441"}],"curies":[{"name":"wp","href":"https:\/\/api.w.org\/{rel}","templated":true}]}}