{"id":244481,"date":"2026-08-04T22:54:12","date_gmt":"2026-08-04T22:54:12","guid":{"rendered":"https:\/\/www.europesays.com\/ee\/244481\/"},"modified":"2026-08-04T22:54:12","modified_gmt":"2026-08-04T22:54:12","slug":"norra-jalgpallikoondise-esivaravavahi-karjaar-jatkub-bundesligas","status":"publish","type":"post","link":"https:\/\/www.europesays.com\/ee\/244481\/","title":{"rendered":"Norra jalgpallikoondise esiv\u00e4ravavahi karj\u00e4\u00e4r j\u00e4tkub Bundesligas"},"content":{"rendered":"<p>Leipzigi meeskond on 35-aastase norralase jaoks tuttav koht, sest ta m\u00e4ngis seal ka hooajal 2022\/23.<\/p>\n<p>Nyland liitub Saksamaa meistriliiga mulluse pronksiklubiga vabaagendina, kuna tema leping Hispaania meeskonna Sevillaga l\u00f5ppes juuni l\u00f5pus. <\/p>\n<p>Nyland aitas Norra koondise t\u00e4navusel MMil veerandfinaali, kui t\u00f5rjus m\u00e4ngus Brasiiliaga Bruno Guimar\u00e3esi penalti. Norra v\u00f5itis l\u00f5puks selle m\u00e4ngu 2:1 ja p\u00e4\u00e4ses esimest korda oma ajaloos MMil kaheksa parema hulka. <\/p>\n<p>Veerandfinaalis Inglismaaga Nyland nii heas hoos ei olnud ning pillas Morgan Rogersi kaugl\u00f6\u00f6gi j\u00e4rel palli enda ette, mille j\u00e4rel l\u00f5i Jude Bellingham lisaajal inglaste 2:1 v\u00f5iduv\u00e4rava.<\/p>\n<p>\u201eKui avanes v\u00f5imalus RB Leipzigisse naasta, ei pidanud ma kaks korda m\u00f5tlema. Mul on klubist ja siinsetest inimestest palju h\u00e4id m\u00e4lestusi ning ootan p\u00f5nevusega nende taasn\u00e4gemist,\u201c \u00fctles Nyland lepingu allkirjastamise j\u00e4rel.<\/p>\n<p>Nyland on varem m\u00e4nginud muuhulgas ka Inglismaa klubides Aston Villas, Bournemouthis ja Readingis. Norra koondises on ta pidanud 76 kohtumist. <\/p>\n<p>Kuidas see lugu Sind end tundma pani? Saada <a href=\"https:\/\/sport.delfi.ee\/artikkel\/120601644\/norra-jalgpallikoondise-esivaravavahi-karjaar-jatkub-bundesligas\/kommentaarid\" class=\"article-body-bottom__comment article-body-bottom__comment--write button button--primary button--size-auto\" rel=\"nofollow noopener\" target=\"_blank\"> Kommenteeri <\/a><a href=\"https:\/\/sport.delfi.ee\/artikkel\/120601644\/norra-jalgpallikoondise-esivaravavahi-karjaar-jatkub-bundesligas\/kommentaarid\" class=\"article-body-bottom__comment article-body-bottom__comment--read button button--size-auto\" rel=\"nofollow noopener\" target=\"_blank\"> Loe kommentaare <\/a><\/p>\n","protected":false},"excerpt":{"rendered":"Leipzigi meeskond on 35-aastase norralase jaoks tuttav koht, sest ta m\u00e4ngis seal ka hooajal 2022\/23. Nyland liitub Saksamaa&hellip;\n","protected":false},"author":2,"featured_media":244482,"comment_status":"","ping_status":"","sticky":false,"template":"","format":"standard","meta":{"footnotes":"","_share_on_mastodon":"0"},"categories":[18],"tags":[37,33,35,34,36,172,4371,1161,159,158],"class_list":["post-244481","post","type-post","status-publish","format-standard","has-post-thumbnail","category-sport","tag-ee","tag-eesti","tag-eesti-keel","tag-estonia","tag-estonian","tag-jalgpall","tag-jalgpalli-mm-2026","tag-rb-leipzig","tag-sport","tag-sports"],"share_on_mastodon":{"url":"https:\/\/pubeurope.com\/@ee\/117039704921376941","error":""},"_links":{"self":[{"href":"https:\/\/www.europesays.com\/ee\/wp-json\/wp\/v2\/posts\/244481","targetHints":{"allow":["GET"]}}],"collection":[{"href":"https:\/\/www.europesays.com\/ee\/wp-json\/wp\/v2\/posts"}],"about":[{"href":"https:\/\/www.europesays.com\/ee\/wp-json\/wp\/v2\/types\/post"}],"author":[{"embeddable":true,"href":"https:\/\/www.europesays.com\/ee\/wp-json\/wp\/v2\/users\/2"}],"replies":[{"embeddable":true,"href":"https:\/\/www.europesays.com\/ee\/wp-json\/wp\/v2\/comments?post=244481"}],"version-history":[{"count":0,"href":"https:\/\/www.europesays.com\/ee\/wp-json\/wp\/v2\/posts\/244481\/revisions"}],"wp:featuredmedia":[{"embeddable":true,"href":"https:\/\/www.europesays.com\/ee\/wp-json\/wp\/v2\/media\/244482"}],"wp:attachment":[{"href":"https:\/\/www.europesays.com\/ee\/wp-json\/wp\/v2\/media?parent=244481"}],"wp:term":[{"taxonomy":"category","embeddable":true,"href":"https:\/\/www.europesays.com\/ee\/wp-json\/wp\/v2\/categories?post=244481"},{"taxonomy":"post_tag","embeddable":true,"href":"https:\/\/www.europesays.com\/ee\/wp-json\/wp\/v2\/tags?post=244481"}],"curies":[{"name":"wp","href":"https:\/\/api.w.org\/{rel}","templated":true}]}}