{"id":244567,"date":"2026-08-05T05:25:34","date_gmt":"2026-08-05T05:25:34","guid":{"rendered":"https:\/\/www.europesays.com\/ee\/244567\/"},"modified":"2026-08-05T05:25:34","modified_gmt":"2026-08-05T05:25:34","slug":"vene-meedia-paevik-koik-margid-naitavad-uheselt-venemaa-valmistub-mobiliseerima-koheselt-sadu-tuhandeid-delfi-2","status":"publish","type":"post","link":"https:\/\/www.europesays.com\/ee\/244567\/","title":{"rendered":"VENE MEEDIA P\u00c4EVIK | K\u00f5ik m\u00e4rgid n\u00e4itavad \u00fcheselt: Venemaa valmistub mobiliseerima koheselt sadu tuhandeid &#8211; Delfi"},"content":{"rendered":"<ol>\n<li><a href=\"https:\/\/news.google.com\/rss\/articles\/CBMi2gFBVV95cUxNTVlxS01SUC1aSzk1Y1RreXd6Q3Fwd2ljUU1rd3ppX2k4djNabjZEUktCOXphcElDYVZLb1g4RERHOGxONXA5VTNWQm5SZlc4VWRXYzJGODF6RkF1bVFBYUgzUTBaaEtUZmg4cjhaU3gtR0RWdThrZHRhSmNNVGtGVTdqMFAzamxaRGIyNHlBMHlaQnlEMGd6dUxzc21mT3d5ejIyZmFWTlhwbW9mdmlLOEN3a2NISkUwczloamVnQkl0TGdQR05nVFprT1BWQzdvd1dHUFdodGcxdw?oc=5\" target=\"_blank\" rel=\"nofollow noopener\">VENE MEEDIA P\u00c4EVIK | K\u00f5ik m\u00e4rgid n\u00e4itavad \u00fcheselt: Venemaa valmistub mobiliseerima koheselt sadu tuhandeid<\/a>&nbsp;&nbsp;Delfi<\/li>\n<li><a href=\"https:\/\/news.google.com\/rss\/articles\/CBMi4gFBVV95cUxPbEZEMWNPSWY2eUFfdEJZTnlVdjFYQXFPZ1ZHM1MyaHV6ZDdQbHY1bTN1cVAzcnBWdXhzclpxRjl0WmNKWmJ1T0V6b1h6OTZ2aFdZNVQyNTNKOVZSNlpXaTM5Ym5xbnloNXZLSUdZb3lrN2xmM0hHNnNCYnBBN3o3Z09pZlljS2I3eDVjVzdVM0QtdEhTZ0VqdDdGV3RQVWtURTc0TElpZmxidkpQU040UzFmYmJFTm00eHZJRW5GOHpiUV9hS3cwYVFwcmVOS3J5TXdEdC1NY3hwSXZzNmEySjVB?oc=5\" target=\"_blank\" rel=\"nofollow noopener\">VENE MEEDIA P\u00c4EVIK | K\u00f5ik m\u00e4rgid n\u00e4itavad \u00fcheselt: Venemaa valmistub mobiliseerima kohe sadu tuhandeid<\/a>&nbsp;&nbsp;Delfi<\/li>\n<li><a href=\"https:\/\/news.google.com\/rss\/articles\/CBMilwFBVV95cUxNUW1sVHUwZzBlejgxUkN3MkJjNkU1TEdLTlFkX0l0RHdkaDk3amo0aU9KR01iQVRZSzBDbU1SUWNBMUFTQXlNSE1YeS02RUI0cTlJVXBvYzdJR1J1SllIdnZIQ1ZmTW8teExzZHhMTUVKQ3RnNGEwcl9OSkxkX1I2clhZUElCQkVGSHdMXzdfY0FORnJpdEN3?oc=5\" target=\"_blank\" rel=\"nofollow noopener\">Medvedev eitas mobilisatsiooni ettevalmistamist Venemaal<\/a>&nbsp;&nbsp;Maailm &#8211; Postimees.ee<\/li>\n<li><a href=\"https:\/\/news.google.com\/rss\/articles\/CBMipgFBVV95cUxNY3R5NmZWYllXTExSSWNnVFFZckl5bDVCd0txNVJSclZna1FlcC1EZVdLa2VQYV9hbUJKTm9OSzYteGtpM0FjRjBURko2R2R5WmZvd1JJY2NneUJndjJwSnBNaVR1LWZEbVcxLTlxUWRrYWpHUTBINjU2b2Q3aXRfdWVtU0JpLWZRMUo1ZS1pdFQzdGFidVNwNEVHVzh0YU1TWUZ4T0JR?oc=5\" target=\"_blank\" rel=\"nofollow noopener\">Vene t\u00e4htsuselt teine mees: jutud moblisatsioonist on valelik provokatsioon<\/a>&nbsp;&nbsp;eestinen<\/li>\n<li><a href=\"https:\/\/news.google.com\/rss\/articles\/CBMijAFBVV95cUxQVnpxdnNZalZYS21iVUlJUXdCLUpqTmtZVTdEWVZYQXNSUW1helJ1dU9LTHR2bWVsWm9MV2ZZUHFlZlZLMUxjZWRLUEsxczEzVHBQSnZBMzQxc1VncUhCSFpyaS1PanNxakNXRE1pUnhyWWJadi10TDZYMmZkdWdjUFd6dUN1dnRCMzdMXw?oc=5\" target=\"_blank\" rel=\"nofollow noopener\">Venemaal v\u00e4rvatakse \u00fcha rohkem mobilisatsiooniametnikke<\/a>&nbsp;&nbsp;eestinen<\/li>\n<\/ol>\n","protected":false},"excerpt":{"rendered":"VENE MEEDIA P\u00c4EVIK | K\u00f5ik m\u00e4rgid n\u00e4itavad \u00fcheselt: Venemaa valmistub mobiliseerima koheselt sadu tuhandeid&nbsp;&nbsp;Delfi VENE MEEDIA P\u00c4EVIK |&hellip;\n","protected":false},"author":2,"featured_media":244568,"comment_status":"","ping_status":"","sticky":false,"template":"","format":"standard","meta":{"footnotes":"","_share_on_mastodon":"0"},"categories":[80],"tags":[26,27,2267,944,37,33,35,34,36,31,32,21,28,29,95,6822,19,25,107,23,24,22,20,10659,30,661,92,93,94],"class_list":["post-244567","post","type-post","status-publish","format-standard","has-post-thumbnail","category-maailm","tag-breaking-news","tag-breakingnews","tag-dmitri-medvedev","tag-dmitri-peskov","tag-ee","tag-eesti","tag-eesti-keel","tag-estonia","tag-estonian","tag-featured-news","tag-featurednews","tag-headlines","tag-latest-news","tag-latestnews","tag-maailm","tag-mobilisatsioon","tag-news","tag-populaarseimad-lood","tag-soda-ukrainas","tag-top-stories","tag-topstories","tag-uldised-uudised","tag-uudised","tag-vene-meedia-paevik","tag-viimased-uudised","tag-vladimir-putin","tag-world","tag-world-news","tag-worldnews"],"share_on_mastodon":{"url":"https:\/\/pubeurope.com\/@ee\/117041242136068576","error":""},"_links":{"self":[{"href":"https:\/\/www.europesays.com\/ee\/wp-json\/wp\/v2\/posts\/244567","targetHints":{"allow":["GET"]}}],"collection":[{"href":"https:\/\/www.europesays.com\/ee\/wp-json\/wp\/v2\/posts"}],"about":[{"href":"https:\/\/www.europesays.com\/ee\/wp-json\/wp\/v2\/types\/post"}],"author":[{"embeddable":true,"href":"https:\/\/www.europesays.com\/ee\/wp-json\/wp\/v2\/users\/2"}],"replies":[{"embeddable":true,"href":"https:\/\/www.europesays.com\/ee\/wp-json\/wp\/v2\/comments?post=244567"}],"version-history":[{"count":0,"href":"https:\/\/www.europesays.com\/ee\/wp-json\/wp\/v2\/posts\/244567\/revisions"}],"wp:featuredmedia":[{"embeddable":true,"href":"https:\/\/www.europesays.com\/ee\/wp-json\/wp\/v2\/media\/244568"}],"wp:attachment":[{"href":"https:\/\/www.europesays.com\/ee\/wp-json\/wp\/v2\/media?parent=244567"}],"wp:term":[{"taxonomy":"category","embeddable":true,"href":"https:\/\/www.europesays.com\/ee\/wp-json\/wp\/v2\/categories?post=244567"},{"taxonomy":"post_tag","embeddable":true,"href":"https:\/\/www.europesays.com\/ee\/wp-json\/wp\/v2\/tags?post=244567"}],"curies":[{"name":"wp","href":"https:\/\/api.w.org\/{rel}","templated":true}]}}