{"id":24458,"date":"2025-10-21T14:49:10","date_gmt":"2025-10-21T14:49:10","guid":{"rendered":"https:\/\/www.europesays.com\/ee\/24458\/"},"modified":"2025-10-21T14:49:10","modified_gmt":"2025-10-21T14:49:10","slug":"porsche-keerab-uue-macan-gts-iga-linnamaasturite-maailma-pea-peale","status":"publish","type":"post","link":"https:\/\/www.europesays.com\/ee\/24458\/","title":{"rendered":"Porsche keerab uue Macan GTS-iga linnamaasturite maailma pea peale"},"content":{"rendered":"<p>Linnamaasturitega kangastub silme ees pilt praktilisest, k\u00f5rgest ja mugavast pereautost. Insenerid on v\u00f5tnud aga n\u00fc\u00fcd kaks n\u00e4iliselt vastandlikku maailma \u2013 igap\u00e4evase kasutusmugavusega tavalise t\u00e4navaliikuri ning ringraja toore, kompromissitu j\u00f5ujuurika ning sulatanud need kokku viisil, mis paneb f\u00fc\u00fcsikaseadused teatud m\u00f5ttes proovile. Tulemuseks on masin, mis liigub peaaegu h\u00e4\u00e4letult, kuid mille iseloom karjub valjemini kui sisep\u00f5lemismootor.<\/p>\n","protected":false},"excerpt":{"rendered":"Linnamaasturitega kangastub silme ees pilt praktilisest, k\u00f5rgest ja mugavast pereautost. Insenerid on v\u00f5tnud aga n\u00fc\u00fcd kaks n\u00e4iliselt vastandlikku&hellip;\n","protected":false},"author":2,"featured_media":24459,"comment_status":"","ping_status":"","sticky":false,"template":"","format":"standard","meta":{"footnotes":""},"categories":[14],"tags":[375,390,131,180,389,378,130,403,402,404,380,37,33,35,34,36,382,381,399,391,400,401,393,384,383,377,385,386,388,379,395,376,397,394,373,371,374,372,387,396,392,398],"class_list":{"0":"post-24458","1":"post","2":"type-post","3":"status-publish","4":"format-standard","5":"has-post-thumbnail","7":"category-ari","8":"tag-ai","9":"tag-aku","10":"tag-ari","11":"tag-arvustus","12":"tag-arvuti","13":"tag-auto","14":"tag-business","15":"tag-digitaalne","16":"tag-digiturvalisus","17":"tag-droon","18":"tag-e-sport","19":"tag-ee","20":"tag-eesti","21":"tag-eesti-keel","22":"tag-estonia","23":"tag-estonian","24":"tag-ikt","25":"tag-internet","26":"tag-isejuhtiv","27":"tag-kodumasin","28":"tag-kuberkuritegevus","29":"tag-kuberturvalisus","30":"tag-kutus","31":"tag-lennuk","32":"tag-lennundus","33":"tag-mangud","34":"tag-mobiilsus","35":"tag-mobiiltelefon","36":"tag-nutitelefon","37":"tag-relvad","38":"tag-riistvara","39":"tag-seadmed","40":"tag-sotsiaalmeedia","41":"tag-tarkvara","42":"tag-tehisintellekt","43":"tag-tehnika","44":"tag-tehnisintelekt","45":"tag-tehnoloogia","46":"tag-telefon","47":"tag-test","48":"tag-toostus","49":"tag-transport"},"share_on_mastodon":{"url":"","error":""},"_links":{"self":[{"href":"https:\/\/www.europesays.com\/ee\/wp-json\/wp\/v2\/posts\/24458","targetHints":{"allow":["GET"]}}],"collection":[{"href":"https:\/\/www.europesays.com\/ee\/wp-json\/wp\/v2\/posts"}],"about":[{"href":"https:\/\/www.europesays.com\/ee\/wp-json\/wp\/v2\/types\/post"}],"author":[{"embeddable":true,"href":"https:\/\/www.europesays.com\/ee\/wp-json\/wp\/v2\/users\/2"}],"replies":[{"embeddable":true,"href":"https:\/\/www.europesays.com\/ee\/wp-json\/wp\/v2\/comments?post=24458"}],"version-history":[{"count":0,"href":"https:\/\/www.europesays.com\/ee\/wp-json\/wp\/v2\/posts\/24458\/revisions"}],"wp:featuredmedia":[{"embeddable":true,"href":"https:\/\/www.europesays.com\/ee\/wp-json\/wp\/v2\/media\/24459"}],"wp:attachment":[{"href":"https:\/\/www.europesays.com\/ee\/wp-json\/wp\/v2\/media?parent=24458"}],"wp:term":[{"taxonomy":"category","embeddable":true,"href":"https:\/\/www.europesays.com\/ee\/wp-json\/wp\/v2\/categories?post=24458"},{"taxonomy":"post_tag","embeddable":true,"href":"https:\/\/www.europesays.com\/ee\/wp-json\/wp\/v2\/tags?post=24458"}],"curies":[{"name":"wp","href":"https:\/\/api.w.org\/{rel}","templated":true}]}}