{"id":244619,"date":"2026-08-05T06:32:08","date_gmt":"2026-08-05T06:32:08","guid":{"rendered":"https:\/\/www.europesays.com\/ee\/244619\/"},"modified":"2026-08-05T06:32:08","modified_gmt":"2026-08-05T06:32:08","slug":"trumpi-california-golfikeskuses-vahistati-enne-presidendi-visiiti-relvastatud-mees","status":"publish","type":"post","link":"https:\/\/www.europesays.com\/ee\/244619\/","title":{"rendered":"Trumpi California golfikeskuses vahistati enne presidendi visiiti relvastatud mees"},"content":{"rendered":"<p><a rel=\"noopener nofollow\" target=\"_blank\" href=\"https:\/\/www.delfi.ee\/teema\/96881964\/usa-salateenistus\" tag-id=\"96881964\">USA salateenistus<\/a> uurib, kas see isik kujutas endast ohtu Trumpile, teatas f\u00f6deraalse korrakaitse allikas CNN-ile.<\/p>\n<p>Varem \u00fctles sama allikas CNN-ile, et praegu ei ole viiteid sellele, et isik oleks plaaninud r\u00fcnnakut presidendi vastu, aga uurimine j\u00e4tkub.<\/p>\n<p>Trump oli lennukiga teel Californiasse, kui vahistamisest teatati. President maandus Californias kohaliku aja j\u00e4rgi eile \u00f5htul, et osaleda vabariiklaste rahvuskomitee \u00f5htus\u00f6\u00f6gil oma Rancho Palos Verdese golfikeskuses.<\/p>\n<p>Vahistati 38-aastane Jeanine John Taele, kes on uurimise all ka El Segundo politsei poolt seoses r\u00f6\u00f6viga.<\/p>\n<p>Taele tegi golfikeskuses videoid ja fotosid ning n\u00e4is j\u00e4lgivat julgestuse planeerimise tegevust, teatas \u0161erifiamet. Talle esitati s\u00fc\u00fcdistus varjatud tulirelva kandmises ja keelatud laskemoona omamises.<\/p>\n<p>Taele ei tunnistanud end eile s\u00fc\u00fcdi. Kohtunik m\u00e4\u00e4ras talle 250 000-dollarise kautsjoni, keelas tal relvade omamise ning k\u00e4skis presidendi golfiklubist eemale hoida ja edasise menetluse ajaks Californiasse j\u00e4\u00e4da.<\/p>\n<p>Esmasp\u00e4eval otsisid Taele\u2019i elukoha l\u00e4bi USA f\u00f6deraalse juurdlusb\u00fcroo (<a rel=\"noopener nofollow\" target=\"_blank\" href=\"https:\/\/www.delfi.ee\/teema\/23610591\/fbi\" tag-id=\"23610591\">FBI<\/a>) \u00fchendatud terrorismivastaste j\u00f5udude detektiivid, teatas \u0161erifiamet.<\/p>\n<p>Uurijate s\u00f5nul leiti ebaseaduslikult \u00fcmber ehitatud AR-stiilis vintp\u00fcss, .45 kaliibriga p\u00fcstol, kuulivest, suure mahutavusega magasinid, laskemoona, raadiosidevahendeid ja mitmeid m\u00e4rkmikke, milles oli \u0161erifiameti teatel \u201emurettekitavaid avaldusi\u201c.<\/p>\n<p>Kuidas see lugu Sind end tundma pani? Saada <a href=\"https:\/\/www.delfi.ee\/artikkel\/120601695\/trumpi-california-golfikeskuses-vahistati-enne-presidendi-visiiti-relvastatud-mees\/kommentaarid\" class=\"article-body-bottom__comment article-body-bottom__comment--write button button--primary button--size-auto\" rel=\"nofollow noopener\" target=\"_blank\"> Kommenteeri <\/a><a href=\"https:\/\/www.delfi.ee\/artikkel\/120601695\/trumpi-california-golfikeskuses-vahistati-enne-presidendi-visiiti-relvastatud-mees\/kommentaarid\" class=\"article-body-bottom__comment article-body-bottom__comment--read button button--size-auto\" rel=\"nofollow noopener\" target=\"_blank\"> Loe kommentaare (3)<\/a><\/p>\n","protected":false},"excerpt":{"rendered":"USA salateenistus uurib, kas see isik kujutas endast ohtu Trumpile, teatas f\u00f6deraalse korrakaitse allikas CNN-ile. Varem \u00fctles sama&hellip;\n","protected":false},"author":2,"featured_media":244620,"comment_status":"","ping_status":"","sticky":false,"template":"","format":"standard","meta":{"footnotes":"","_share_on_mastodon":"0"},"categories":[80],"tags":[26,27,5875,324,37,33,35,34,36,1899,31,32,21,28,29,8918,95,19,25,23,24,22,325,38525,20,30,92,93,94],"class_list":["post-244619","post","type-post","status-publish","format-standard","has-post-thumbnail","category-maailm","tag-breaking-news","tag-breakingnews","tag-california","tag-donald-trump","tag-ee","tag-eesti","tag-eesti-keel","tag-estonia","tag-estonian","tag-fbi","tag-featured-news","tag-featurednews","tag-headlines","tag-latest-news","tag-latestnews","tag-los-angeles","tag-maailm","tag-news","tag-populaarseimad-lood","tag-top-stories","tag-topstories","tag-uldised-uudised","tag-usa","tag-usa-salateenistus","tag-uudised","tag-viimased-uudised","tag-world","tag-world-news","tag-worldnews"],"share_on_mastodon":{"url":"https:\/\/pubeurope.com\/@ee\/117041505619029566","error":""},"_links":{"self":[{"href":"https:\/\/www.europesays.com\/ee\/wp-json\/wp\/v2\/posts\/244619","targetHints":{"allow":["GET"]}}],"collection":[{"href":"https:\/\/www.europesays.com\/ee\/wp-json\/wp\/v2\/posts"}],"about":[{"href":"https:\/\/www.europesays.com\/ee\/wp-json\/wp\/v2\/types\/post"}],"author":[{"embeddable":true,"href":"https:\/\/www.europesays.com\/ee\/wp-json\/wp\/v2\/users\/2"}],"replies":[{"embeddable":true,"href":"https:\/\/www.europesays.com\/ee\/wp-json\/wp\/v2\/comments?post=244619"}],"version-history":[{"count":0,"href":"https:\/\/www.europesays.com\/ee\/wp-json\/wp\/v2\/posts\/244619\/revisions"}],"wp:featuredmedia":[{"embeddable":true,"href":"https:\/\/www.europesays.com\/ee\/wp-json\/wp\/v2\/media\/244620"}],"wp:attachment":[{"href":"https:\/\/www.europesays.com\/ee\/wp-json\/wp\/v2\/media?parent=244619"}],"wp:term":[{"taxonomy":"category","embeddable":true,"href":"https:\/\/www.europesays.com\/ee\/wp-json\/wp\/v2\/categories?post=244619"},{"taxonomy":"post_tag","embeddable":true,"href":"https:\/\/www.europesays.com\/ee\/wp-json\/wp\/v2\/tags?post=244619"}],"curies":[{"name":"wp","href":"https:\/\/api.w.org\/{rel}","templated":true}]}}