{"id":244657,"date":"2026-08-05T07:16:07","date_gmt":"2026-08-05T07:16:07","guid":{"rendered":"https:\/\/www.europesays.com\/ee\/244657\/"},"modified":"2026-08-05T07:16:07","modified_gmt":"2026-08-05T07:16:07","slug":"patituli-%e2%9f%a9-brasiilia-ja-argentina-riigipead-on-lootusetult-raksu-lainud","status":"publish","type":"post","link":"https:\/\/www.europesays.com\/ee\/244657\/","title":{"rendered":"P\u00c4TIT\u00dcLI \u27e9 Brasiilia ja Argentina riigipead on lootusetult raksu l\u00e4inud"},"content":{"rendered":"<p>Brasiilia palus Argentina suursaadikul riigist lahkuda, teatas teisip\u00e4eval Buenos Airese v\u00e4lisministeerium. Diplomaatilise t\u00fcli p\u00f5hjust tuleb otsida Argentina parempoolse presidendi Javier Milei korduvatest solvangutest Brasiilia riigipea Luiz In\u00e1cio Lula da Silva aadressil.<\/p>\n<p>Argentina v\u00e4lisministeeriumi avalduse kohaselt alandab Brasiilia valitsus \u00fchtlasi oma esinduse Argentinas asjuri tasemele.<\/p>\n","protected":false},"excerpt":{"rendered":"Brasiilia palus Argentina suursaadikul riigist lahkuda, teatas teisip\u00e4eval Buenos Airese v\u00e4lisministeerium. Diplomaatilise t\u00fcli p\u00f5hjust tuleb otsida Argentina parempoolse&hellip;\n","protected":false},"author":2,"featured_media":244658,"comment_status":"","ping_status":"","sticky":false,"template":"","format":"standard","meta":{"footnotes":"","_share_on_mastodon":"0"},"categories":[80],"tags":[5000,540,26,27,37,33,35,34,36,31,32,21,11619,28,29,44949,95,19,25,23,24,22,20,30,92,93,94],"class_list":["post-244657","post","type-post","status-publish","format-standard","has-post-thumbnail","category-maailm","tag-argentina","tag-brasiilia","tag-breaking-news","tag-breakingnews","tag-ee","tag-eesti","tag-eesti-keel","tag-estonia","tag-estonian","tag-featured-news","tag-featurednews","tag-headlines","tag-javier-milei","tag-latest-news","tag-latestnews","tag-lula","tag-maailm","tag-news","tag-populaarseimad-lood","tag-top-stories","tag-topstories","tag-uldised-uudised","tag-uudised","tag-viimased-uudised","tag-world","tag-world-news","tag-worldnews"],"share_on_mastodon":{"url":"https:\/\/pubeurope.com\/@ee\/117041678772819904","error":""},"_links":{"self":[{"href":"https:\/\/www.europesays.com\/ee\/wp-json\/wp\/v2\/posts\/244657","targetHints":{"allow":["GET"]}}],"collection":[{"href":"https:\/\/www.europesays.com\/ee\/wp-json\/wp\/v2\/posts"}],"about":[{"href":"https:\/\/www.europesays.com\/ee\/wp-json\/wp\/v2\/types\/post"}],"author":[{"embeddable":true,"href":"https:\/\/www.europesays.com\/ee\/wp-json\/wp\/v2\/users\/2"}],"replies":[{"embeddable":true,"href":"https:\/\/www.europesays.com\/ee\/wp-json\/wp\/v2\/comments?post=244657"}],"version-history":[{"count":0,"href":"https:\/\/www.europesays.com\/ee\/wp-json\/wp\/v2\/posts\/244657\/revisions"}],"wp:featuredmedia":[{"embeddable":true,"href":"https:\/\/www.europesays.com\/ee\/wp-json\/wp\/v2\/media\/244658"}],"wp:attachment":[{"href":"https:\/\/www.europesays.com\/ee\/wp-json\/wp\/v2\/media?parent=244657"}],"wp:term":[{"taxonomy":"category","embeddable":true,"href":"https:\/\/www.europesays.com\/ee\/wp-json\/wp\/v2\/categories?post=244657"},{"taxonomy":"post_tag","embeddable":true,"href":"https:\/\/www.europesays.com\/ee\/wp-json\/wp\/v2\/tags?post=244657"}],"curies":[{"name":"wp","href":"https:\/\/api.w.org\/{rel}","templated":true}]}}