{"id":244669,"date":"2026-08-05T07:27:08","date_gmt":"2026-08-05T07:27:08","guid":{"rendered":"https:\/\/www.europesays.com\/ee\/244669\/"},"modified":"2026-08-05T07:27:08","modified_gmt":"2026-08-05T07:27:08","slug":"netanyahu-iisrael-ei-taandu-gazast-kuni-hamas-on-taielikult-relvitustatud","status":"publish","type":"post","link":"https:\/\/www.europesays.com\/ee\/244669\/","title":{"rendered":"Netanyahu: Iisrael ei taandu Gazast, kuni Hamas on t\u00e4ielikult relvitustatud"},"content":{"rendered":"<p>Netanyahu avaldused seavad v\u00f5imalikuks l\u00e4bimurdeks s\u00f5ja l\u00f5petamiseks peetud Hamasi desarmeerimise kokkuleppe veelgi rohkem kahtluse alla. Samuti olid need haruldane erimeelsuste demonstreerimine Trumpi administratsiooniga, vahendab Associated Press.<\/p>\n<p>Kokkulepe n\u00e4gi ette, et Hamas alustab relvadest loobumist ning Iisrael peatab oma r\u00fcnnakud ja alustab tagasit\u00f5mbumist umbes 60% Gaza sektorist, mida praegu kontrollib.<\/p>\n<p>Netanyahu kordas oma seisukohta, et Hamasi relvitustumine peab toimuma k\u00f5igepealt. Ta \u00fctles, et Iisraeli v\u00e4ed teevad j\u00e4tkuvalt mis iganes vaja, et end, territooriumi ja kodanikke kaitsta.<\/p>\n<p>Netanyahu \u00fctles, et Trumpi administratsioon saatis Iisraelile mustandi. \u201eMe ei n\u00f5ustunud. See ei ole meie mustand. Me saatsime oma kommentaarid. [&#8212;] See on meie seisukoht,\u201c \u00fctles Netanyahu sotsiaalmeedias avaldatud videos.<\/p>\n<p>Kuidas see lugu Sind end tundma pani? Saada <a href=\"https:\/\/www.delfi.ee\/artikkel\/120601705\/netanyahu-iisrael-ei-taandu-gazast-kuni-hamas-on-taielikult-relvitustatud\/kommentaarid\" class=\"article-body-bottom__comment article-body-bottom__comment--write button button--primary button--size-auto\" rel=\"nofollow noopener\" target=\"_blank\"> Kommenteeri <\/a><a href=\"https:\/\/www.delfi.ee\/artikkel\/120601705\/netanyahu-iisrael-ei-taandu-gazast-kuni-hamas-on-taielikult-relvitustatud\/kommentaarid\" class=\"article-body-bottom__comment article-body-bottom__comment--read button button--size-auto\" rel=\"nofollow noopener\" target=\"_blank\"> Loe kommentaare (8)<\/a><\/p>\n","protected":false},"excerpt":{"rendered":"Netanyahu avaldused seavad v\u00f5imalikuks l\u00e4bimurdeks s\u00f5ja l\u00f5petamiseks peetud Hamasi desarmeerimise kokkuleppe veelgi rohkem kahtluse alla. Samuti olid need&hellip;\n","protected":false},"author":2,"featured_media":244670,"comment_status":"","ping_status":"","sticky":false,"template":"","format":"standard","meta":{"footnotes":"","_share_on_mastodon":"0"},"categories":[80],"tags":[621,26,27,324,37,33,35,34,36,31,32,620,764,21,619,28,29,95,19,25,23,24,22,325,20,30,92,93,94],"class_list":["post-244669","post","type-post","status-publish","format-standard","has-post-thumbnail","category-maailm","tag-benjamin-netanyahu","tag-breaking-news","tag-breakingnews","tag-donald-trump","tag-ee","tag-eesti","tag-eesti-keel","tag-estonia","tag-estonian","tag-featured-news","tag-featurednews","tag-gaza","tag-hamas","tag-headlines","tag-iisrael","tag-latest-news","tag-latestnews","tag-maailm","tag-news","tag-populaarseimad-lood","tag-top-stories","tag-topstories","tag-uldised-uudised","tag-usa","tag-uudised","tag-viimased-uudised","tag-world","tag-world-news","tag-worldnews"],"share_on_mastodon":{"url":"","error":""},"_links":{"self":[{"href":"https:\/\/www.europesays.com\/ee\/wp-json\/wp\/v2\/posts\/244669","targetHints":{"allow":["GET"]}}],"collection":[{"href":"https:\/\/www.europesays.com\/ee\/wp-json\/wp\/v2\/posts"}],"about":[{"href":"https:\/\/www.europesays.com\/ee\/wp-json\/wp\/v2\/types\/post"}],"author":[{"embeddable":true,"href":"https:\/\/www.europesays.com\/ee\/wp-json\/wp\/v2\/users\/2"}],"replies":[{"embeddable":true,"href":"https:\/\/www.europesays.com\/ee\/wp-json\/wp\/v2\/comments?post=244669"}],"version-history":[{"count":0,"href":"https:\/\/www.europesays.com\/ee\/wp-json\/wp\/v2\/posts\/244669\/revisions"}],"wp:featuredmedia":[{"embeddable":true,"href":"https:\/\/www.europesays.com\/ee\/wp-json\/wp\/v2\/media\/244670"}],"wp:attachment":[{"href":"https:\/\/www.europesays.com\/ee\/wp-json\/wp\/v2\/media?parent=244669"}],"wp:term":[{"taxonomy":"category","embeddable":true,"href":"https:\/\/www.europesays.com\/ee\/wp-json\/wp\/v2\/categories?post=244669"},{"taxonomy":"post_tag","embeddable":true,"href":"https:\/\/www.europesays.com\/ee\/wp-json\/wp\/v2\/tags?post=244669"}],"curies":[{"name":"wp","href":"https:\/\/api.w.org\/{rel}","templated":true}]}}