{"id":244789,"date":"2026-08-05T09:55:23","date_gmt":"2026-08-05T09:55:23","guid":{"rendered":"https:\/\/www.europesays.com\/ee\/244789\/"},"modified":"2026-08-05T09:55:23","modified_gmt":"2026-08-05T09:55:23","slug":"usa-lahtiste-superduo-djokovic-ja-sabalenka-jahime-ainult-voitu-tennis-2","status":"publish","type":"post","link":"https:\/\/www.europesays.com\/ee\/244789\/","title":{"rendered":"USA lahtiste superduo Djokovic ja Sabalenka: jahime ainult v\u00f5itu | Tennis"},"content":{"rendered":"<p>Maailma esireket Aryna Sabalenka \u00fctles enne USA lahtiste tennisemeistriv\u00f5istluste (USA Open) segapaarism\u00e4ngu, et tema ja Novak Djokovic l\u00e4hevad v\u00e4ljakule ainult \u00fche eesm\u00e4rgiga, milleks on v\u00f5ita turniir.<\/p>\n<p>US Openi korraldajad avalikustasid eelmisel n\u00e4dalal segapaarism\u00e4ngu osalejate nimekirja ning \u00fcheks suurimaks t\u00f5mbenumbriks kujunes Sabalenka ja 24-kordse suure sl\u00e4mmi v\u00f5itja Djokovici paar.<\/p>\n<p>&#8220;Loodan, et seekord on k\u00f5ik terved. Olen v\u00e4ga elevil. Novakiga on alati l\u00f5bus m\u00e4ngida,&#8221; \u00fctles Sabalenka ajakirjanikele.<\/p>\n<p>Valgevenelanna s\u00f5nul ei l\u00e4he nad lihtsalt kogemust nautima.<\/p>\n<p>&#8220;Suure sl\u00e4mmi segapaarism\u00e4ngu olen m\u00e4nginud vaid korra, aga seekord l\u00e4heme t\u00e4iega. Me jahime ainult tiitlit. See on meie eesm\u00e4rk. Usun, et saab olema l\u00f5bus, aga samal ajal ka v\u00e4ga intensiivne,&#8221; r\u00f5hutas maailma esireket.<\/p>\n<p>Sabalenka lisas, et tema ja Djokovic on viimastel aastatel koos treeninud ning omavahel headeks s\u00f5pradeks saanud. Varem on ta avaldanud, et k\u00fcsis serblaselt n\u00f5u ka enne eelmise aasta US Openit.<\/p>\n<p>Mullu j\u00e4i Sabalenkal segapaarism\u00e4ng siiski pidamata, sest tema esialgne partner Grigor Dimitrov vigastas Wimbledonis \u00f5lga ja loobus turniirist. Sabalenka otsustas seej\u00e4rel uut paarilist mitte otsida.<\/p>\n<p>US Openi segapaarism\u00e4ng peetakse t\u00e4navu 24.\u201326. augustini ehk vahetult enne \u00fcksikm\u00e4ngude algust.<\/p>\n","protected":false},"excerpt":{"rendered":"Maailma esireket Aryna Sabalenka \u00fctles enne USA lahtiste tennisemeistriv\u00f5istluste (USA Open) segapaarism\u00e4ngu, et tema ja Novak Djokovic l\u00e4hevad&hellip;\n","protected":false},"author":2,"featured_media":244790,"comment_status":"","ping_status":"","sticky":false,"template":"","format":"standard","meta":{"footnotes":"","_share_on_mastodon":"0"},"categories":[5],"tags":[10265,26,27,37,33,35,34,36,31,32,21,28,29,19,2787,25,23,24,22,6779,20,30],"class_list":["post-244789","post","type-post","status-publish","format-standard","has-post-thumbnail","category-uldised-uudised","tag-arina-sabalenka","tag-breaking-news","tag-breakingnews","tag-ee","tag-eesti","tag-eesti-keel","tag-estonia","tag-estonian","tag-featured-news","tag-featurednews","tag-headlines","tag-latest-news","tag-latestnews","tag-news","tag-novak-djokovic","tag-populaarseimad-lood","tag-top-stories","tag-topstories","tag-uldised-uudised","tag-us-open","tag-uudised","tag-viimased-uudised"],"share_on_mastodon":{"url":"https:\/\/pubeurope.com\/@ee\/117042303766482400","error":""},"_links":{"self":[{"href":"https:\/\/www.europesays.com\/ee\/wp-json\/wp\/v2\/posts\/244789","targetHints":{"allow":["GET"]}}],"collection":[{"href":"https:\/\/www.europesays.com\/ee\/wp-json\/wp\/v2\/posts"}],"about":[{"href":"https:\/\/www.europesays.com\/ee\/wp-json\/wp\/v2\/types\/post"}],"author":[{"embeddable":true,"href":"https:\/\/www.europesays.com\/ee\/wp-json\/wp\/v2\/users\/2"}],"replies":[{"embeddable":true,"href":"https:\/\/www.europesays.com\/ee\/wp-json\/wp\/v2\/comments?post=244789"}],"version-history":[{"count":0,"href":"https:\/\/www.europesays.com\/ee\/wp-json\/wp\/v2\/posts\/244789\/revisions"}],"wp:featuredmedia":[{"embeddable":true,"href":"https:\/\/www.europesays.com\/ee\/wp-json\/wp\/v2\/media\/244790"}],"wp:attachment":[{"href":"https:\/\/www.europesays.com\/ee\/wp-json\/wp\/v2\/media?parent=244789"}],"wp:term":[{"taxonomy":"category","embeddable":true,"href":"https:\/\/www.europesays.com\/ee\/wp-json\/wp\/v2\/categories?post=244789"},{"taxonomy":"post_tag","embeddable":true,"href":"https:\/\/www.europesays.com\/ee\/wp-json\/wp\/v2\/tags?post=244789"}],"curies":[{"name":"wp","href":"https:\/\/api.w.org\/{rel}","templated":true}]}}