{"id":244803,"date":"2026-08-05T10:14:19","date_gmt":"2026-08-05T10:14:19","guid":{"rendered":"https:\/\/www.europesays.com\/ee\/244803\/"},"modified":"2026-08-05T10:14:19","modified_gmt":"2026-08-05T10:14:19","slug":"pikalt-volgades-sipelnud-telekomifirma-laks-pankrotti-3","status":"publish","type":"post","link":"https:\/\/www.europesays.com\/ee\/244803\/","title":{"rendered":"Pikalt v\u00f5lgades sipelnud telekomifirma l\u00e4ks pankrotti"},"content":{"rendered":"<p>Ligi viis aastat p\u00fc\u00fcdlusi ettev\u00f5tet elus hoida on kunagise telekomifirma Levikom Eesti jaoks n\u00fc\u00fcd l\u00f5ppenud. P\u00e4rast seda, kui kohus otsustas eelmisel aastal saneerimise l\u00f5petada, kuulutati esmasp\u00e4eval v\u00e4lja ettev\u00f5tte pankrot.<\/p>\n<p>Kevadel esitas pankrotiavalduse ettev\u00f5tte senine juhatuse liige, varasem tipp-poliitik <a rel=\"noopener nofollow\" target=\"_blank\" href=\"https:\/\/www.delfi.ee\/teema\/25482025\/tonis-palts\" tag-id=\"25482025\">T\u00f5nis Palts<\/a>. Palts l\u00e4ks juhatusse ettev\u00f5tet p\u00e4\u00e4stma kolm aastat tagasi. Varem on Levikom Eesti pankrotti n\u00f5udnud ka n\u00e4iteks advokaadib\u00fcroo Tegos, kellele ettev\u00f5te arved maksmata j\u00e4ttis.<\/p>\n<p>Kuidas see lugu Sind end tundma pani? Saada <a href=\"https:\/\/arileht.delfi.ee\/a\/120601718\/pikalt-volgades-sipelnud-telekomifirma-laks-pankrotti\/kommentaarid\" class=\"article-body-bottom__comment article-body-bottom__comment--write button button--primary button--size-auto\" rel=\"nofollow noopener\" target=\"_blank\"> Kommenteeri <\/a><a href=\"https:\/\/arileht.delfi.ee\/a\/120601718\/pikalt-volgades-sipelnud-telekomifirma-laks-pankrotti\/kommentaarid\" class=\"article-body-bottom__comment article-body-bottom__comment--read button button--size-auto\" rel=\"nofollow noopener\" target=\"_blank\"> Loe kommentaare <\/a><\/p>\n","protected":false},"excerpt":{"rendered":"Ligi viis aastat p\u00fc\u00fcdlusi ettev\u00f5tet elus hoida on kunagise telekomifirma Levikom Eesti jaoks n\u00fc\u00fcd l\u00f5ppenud. P\u00e4rast seda, kui&hellip;\n","protected":false},"author":2,"featured_media":244804,"comment_status":"","ping_status":"","sticky":false,"template":"","format":"standard","meta":{"footnotes":"","_share_on_mastodon":"0"},"categories":[14],"tags":[131,130,37,33,35,34,36,96717,7185,25686],"class_list":["post-244803","post","type-post","status-publish","format-standard","has-post-thumbnail","category-ari","tag-ari","tag-business","tag-ee","tag-eesti","tag-eesti-keel","tag-estonia","tag-estonian","tag-levikom-eesti","tag-pankrot","tag-tonis-palts"],"share_on_mastodon":{"url":"https:\/\/pubeurope.com\/@ee\/117042378337621179","error":""},"_links":{"self":[{"href":"https:\/\/www.europesays.com\/ee\/wp-json\/wp\/v2\/posts\/244803","targetHints":{"allow":["GET"]}}],"collection":[{"href":"https:\/\/www.europesays.com\/ee\/wp-json\/wp\/v2\/posts"}],"about":[{"href":"https:\/\/www.europesays.com\/ee\/wp-json\/wp\/v2\/types\/post"}],"author":[{"embeddable":true,"href":"https:\/\/www.europesays.com\/ee\/wp-json\/wp\/v2\/users\/2"}],"replies":[{"embeddable":true,"href":"https:\/\/www.europesays.com\/ee\/wp-json\/wp\/v2\/comments?post=244803"}],"version-history":[{"count":0,"href":"https:\/\/www.europesays.com\/ee\/wp-json\/wp\/v2\/posts\/244803\/revisions"}],"wp:featuredmedia":[{"embeddable":true,"href":"https:\/\/www.europesays.com\/ee\/wp-json\/wp\/v2\/media\/244804"}],"wp:attachment":[{"href":"https:\/\/www.europesays.com\/ee\/wp-json\/wp\/v2\/media?parent=244803"}],"wp:term":[{"taxonomy":"category","embeddable":true,"href":"https:\/\/www.europesays.com\/ee\/wp-json\/wp\/v2\/categories?post=244803"},{"taxonomy":"post_tag","embeddable":true,"href":"https:\/\/www.europesays.com\/ee\/wp-json\/wp\/v2\/tags?post=244803"}],"curies":[{"name":"wp","href":"https:\/\/api.w.org\/{rel}","templated":true}]}}