{"id":244853,"date":"2026-08-05T11:23:13","date_gmt":"2026-08-05T11:23:13","guid":{"rendered":"https:\/\/www.europesays.com\/ee\/244853\/"},"modified":"2026-08-05T11:23:13","modified_gmt":"2026-08-05T11:23:13","slug":"brasiilia-suudistab-usa-d-oma-presidendivalimistesse-sekkumises-usa-tuhistas-brasiilia-suursaadiku-viisa","status":"publish","type":"post","link":"https:\/\/www.europesays.com\/ee\/244853\/","title":{"rendered":"Brasiilia s\u00fc\u00fcdistab USA-d oma presidendivalimistesse sekkumises. USA t\u00fchistas Brasiilia suursaadiku viisa"},"content":{"rendered":"<p>USA v\u00e4lisministeerium teatas, et otsus oli vastus Brasiilia tegevusele, ning USA ametnike s\u00f5nul oli seda sammu mitu korda edasi l\u00fckatud, et j\u00e4tta Brasiilia presidendile <a rel=\"noopener nofollow\" target=\"_blank\" href=\"https:\/\/www.delfi.ee\/teema\/73910465\/luiz-inacio-lula-da-silva\" tag-id=\"73910465\">Luiz In\u00e1cio Lula da Silvale<\/a> ruumi taganemiseks, mida ta aga ei teinud. USA ametnike s\u00f5nul v\u00f5idakse otsus kiiresti \u00e4ra muuta, kui Brasiilia tegutseb asjakohaselt ja kiidab USA presidendi <a rel=\"noopener nofollow\" target=\"_blank\" href=\"https:\/\/www.delfi.ee\/teema\/32758637\/donald-trump\" tag-id=\"32758637\">Donald Trumpi<\/a> suursaadiku valiku heaks, vahendab Associated Press.<\/p>\n<p>Brasiilia valitsus vastas oma avalduses, s\u00fc\u00fcdistades \u00dchendriike rahvusvahelise \u00f5iguse eiramises suursaadiku nimetamisel Brasiiliasse. Valitsus teatas, et USA otsus v\u00f5tta Brasiilia suursaadikult viisa oli poliitiline ja selle eesm\u00e4rk on m\u00f5jutada Brasiilias oktoobris toimuvaid valimisi.<\/p>\n<p>Trumpil on olnud Lula administratsiooniga juba m\u00f5nda aega kana kitkuda, sest viimane on paljudes asjades, eriti l\u00e4\u00e4nepoolkeral <a rel=\"noopener nofollow\" target=\"_blank\" href=\"https:\/\/www.delfi.ee\/teema\/31263103\/venezuela\" tag-id=\"31263103\">Venezuelat<\/a> ja <a rel=\"noopener nofollow\" target=\"_blank\" href=\"https:\/\/www.delfi.ee\/teema\/56815020\/kuuba\" tag-id=\"56815020\">Kuubat<\/a> puudutavas, eri meelt. Suhteid on pingestanud ka Trumpi suur armastus Brasiilia parem\u00e4\u00e4rmusliku endise presidendi <a rel=\"noopener nofollow\" target=\"_blank\" href=\"https:\/\/www.delfi.ee\/teema\/84910093\/jair-bolsonaro\" tag-id=\"84910093\">Jair Bolsonaro<\/a> vastu, kes on praegu koduarestis, ja tema poja Fl\u00e1vio vastu, kes kandideerib Lula vastu eesseisvatel valimistel.<\/p>\n<p>Lula ei ole Trumpi ennast kritiseerinud ja v\u00e4idab, et nad meeldivad teineteisele. Lula on s\u00fc\u00fcdistanud osas USA Brasiilia-vastases tegevuses v\u00e4lisminister <a rel=\"noopener nofollow\" target=\"_blank\" href=\"https:\/\/www.delfi.ee\/teema\/72601915\/marco-rubio\" tag-id=\"72601915\">Marco Rubiot<\/a>.<\/p>\n<p>Vaatamata viisa t\u00fchistamisele ei saadeta Brasiilia suursaadikut Maria Luiza Ribeiro Viottit USA-st v\u00e4lja, teatas \u00fcks USA v\u00e4lisministeeriumi ametnik.<\/p>\n<p>Tal lubatakse oma ametikohustuste t\u00e4itmist j\u00e4tkata, kui Brasiilia valitsus kiidab heaks Trumpi valiku USA suursaadiku kohale, endise <a rel=\"noopener nofollow\" target=\"_blank\" href=\"https:\/\/www.delfi.ee\/teema\/22975541\/florida\" tag-id=\"22975541\">Florida<\/a> osariigi esindajatekoja spiikri Danny Perezi, kes nimetati ametisse juunis. Brasiilia on aga m\u00e4rku andnud, et ei tegele tema k\u00fcsimusega enne presidendivalimiste esimest vooru 4. oktoobril.<\/p>\n<p>Brasiilia valitsuse s\u00f5nul oleks USA pidanud Perezi kohta eraviisiliselt n\u00f5usolekut k\u00fcsima, nagu n\u00e4eb ette diplomaatiliste suhete Viini konventsioon. Brasiilia teatel on Perez endiselt anal\u00fc\u00fcsimisel.<\/p>\n<p>Juulis j\u00e4ttis Brasiilia viisad andmata USA abiv\u00e4lisministrile demokraatia, inim\u00f5iguste ja t\u00f6\u00f6 alal Riley Barnesile ja \u00fchele tema peamisele abile, kui ilmnes, et nad kavatsesid hakata kritiseerima Lulat v\u00f5i valimisprotsessi.<\/p>\n<p>USA v\u00e4lisministeeriumi teatel kavatsesid Riley ja tema abi k\u00fclastada 27.-30. juulil pealinna <a rel=\"noopener nofollow\" target=\"_blank\" href=\"https:\/\/www.delfi.ee\/teema\/65759360\/brasilia\" tag-id=\"65759360\">Bras\u00edliat<\/a>, et kohtuda valitsusametnike, usuliidrite ja teistega, et r\u00e4\u00e4kida valimiste aususest, usuvabadusest ja v\u00e4ljendusvabadusest. USA v\u00e4itel pidi see olema rutiinne visiit ja mistahes s\u00fc\u00fcdistus katses \u00f5\u00f5nestada demokraatliku riigi valimisi on alusetu vale.<\/p>\n<p>Eile j\u00e4i aga Brasiilia valitsus selle juurde, et kaks ameeriklast plaanisid Brasiiliat k\u00fclastada, et seada kahtluse alla Brasiilia valimiss\u00fcsteemi ausus, mis on vastuv\u00f5etamatu katse sekkuda teise riigi poliitilisse protsessi.<\/p>\n<p>Brasiilia valitsuse s\u00f5nul ei olnud USA eilne otsus \u00fcksikjuhtum.<\/p>\n<p>\u201eSee moodustab osa alati vastastikusest austusest juhindunud kahepoolse partnerlusega kokkusobimatutest ideoloogilistest motiividest ajendatud Brasiilia-vastaste vaenulike meetmete tahtlikust eskaleerimisest,\u201c teatas valitsus. \u201eLubamatu kavatsus sekkuda eesseisvatesse presidendivalimistesse on samuti ilmne.\u201c<\/p>\n<p>Kuidas see lugu Sind end tundma pani? Saada <a href=\"https:\/\/www.delfi.ee\/artikkel\/120601768\/brasiilia-suudistab-usa-d-oma-presidendivalimistesse-sekkumises-usa-tuhistas-brasiilia-suursaadiku-viisa\/kommentaarid\" class=\"article-body-bottom__comment article-body-bottom__comment--write button button--primary button--size-auto\" rel=\"nofollow noopener\" target=\"_blank\"> Kommenteeri <\/a><a href=\"https:\/\/www.delfi.ee\/artikkel\/120601768\/brasiilia-suudistab-usa-d-oma-presidendivalimistesse-sekkumises-usa-tuhistas-brasiilia-suursaadiku-viisa\/kommentaarid\" class=\"article-body-bottom__comment article-body-bottom__comment--read button button--size-auto\" rel=\"nofollow noopener\" target=\"_blank\"> Loe kommentaare (14)<\/a><\/p>\n","protected":false},"excerpt":{"rendered":"USA v\u00e4lisministeerium teatas, et otsus oli vastus Brasiilia tegevusele, ning USA ametnike s\u00f5nul oli seda sammu mitu korda&hellip;\n","protected":false},"author":2,"featured_media":244854,"comment_status":"","ping_status":"","sticky":false,"template":"","format":"standard","meta":{"footnotes":"","_share_on_mastodon":"0"},"categories":[80],"tags":[540,96732,26,27,324,37,33,35,34,36,31,32,13212,21,24287,3345,28,29,81412,95,1894,19,25,23,24,22,325,20,3344,30,92,93,94],"class_list":["post-244853","post","type-post","status-publish","format-standard","has-post-thumbnail","category-maailm","tag-brasiilia","tag-brasilia","tag-breaking-news","tag-breakingnews","tag-donald-trump","tag-ee","tag-eesti","tag-eesti-keel","tag-estonia","tag-estonian","tag-featured-news","tag-featurednews","tag-florida","tag-headlines","tag-jair-bolsonaro","tag-kuuba","tag-latest-news","tag-latestnews","tag-luiz-inacio-lula-da-silva","tag-maailm","tag-marco-rubio","tag-news","tag-populaarseimad-lood","tag-top-stories","tag-topstories","tag-uldised-uudised","tag-usa","tag-uudised","tag-venezuela","tag-viimased-uudised","tag-world","tag-world-news","tag-worldnews"],"share_on_mastodon":{"url":"","error":"Validation failed: Text character limit of 500 exceeded"},"_links":{"self":[{"href":"https:\/\/www.europesays.com\/ee\/wp-json\/wp\/v2\/posts\/244853","targetHints":{"allow":["GET"]}}],"collection":[{"href":"https:\/\/www.europesays.com\/ee\/wp-json\/wp\/v2\/posts"}],"about":[{"href":"https:\/\/www.europesays.com\/ee\/wp-json\/wp\/v2\/types\/post"}],"author":[{"embeddable":true,"href":"https:\/\/www.europesays.com\/ee\/wp-json\/wp\/v2\/users\/2"}],"replies":[{"embeddable":true,"href":"https:\/\/www.europesays.com\/ee\/wp-json\/wp\/v2\/comments?post=244853"}],"version-history":[{"count":0,"href":"https:\/\/www.europesays.com\/ee\/wp-json\/wp\/v2\/posts\/244853\/revisions"}],"wp:featuredmedia":[{"embeddable":true,"href":"https:\/\/www.europesays.com\/ee\/wp-json\/wp\/v2\/media\/244854"}],"wp:attachment":[{"href":"https:\/\/www.europesays.com\/ee\/wp-json\/wp\/v2\/media?parent=244853"}],"wp:term":[{"taxonomy":"category","embeddable":true,"href":"https:\/\/www.europesays.com\/ee\/wp-json\/wp\/v2\/categories?post=244853"},{"taxonomy":"post_tag","embeddable":true,"href":"https:\/\/www.europesays.com\/ee\/wp-json\/wp\/v2\/tags?post=244853"}],"curies":[{"name":"wp","href":"https:\/\/api.w.org\/{rel}","templated":true}]}}