{"id":244899,"date":"2026-08-05T12:17:11","date_gmt":"2026-08-05T12:17:11","guid":{"rendered":"https:\/\/www.europesays.com\/ee\/244899\/"},"modified":"2026-08-05T12:17:11","modified_gmt":"2026-08-05T12:17:11","slug":"koondise-peatreener-toni-meijel-vene-ujujatega-em-il-konkureerimisest-soda-voiks-nadal-aega-seista-ja-koik-teha-oma-asja","status":"publish","type":"post","link":"https:\/\/www.europesays.com\/ee\/244899\/","title":{"rendered":"Koondise peatreener Toni Meijel Vene ujujatega EM-il konkureerimisest: s\u00f5da v\u00f5iks n\u00e4dal aega seista ja k\u00f5ik teha oma asja"},"content":{"rendered":"<p>Rahvusvaheline ujumisliit langetas aprilli keskel otsuse, mille kohaselt saavad Venemaa ja Valgevene ujujad naasta rahvusvahelistele v\u00f5istlustele oma riigi lipu ja s\u00fcmboolikaga, kuid Pariisi EM-il see reegel veel ei kehti. P\u00f5hjus seisneb selles, et Euroopa ujumisliit (European Aquatics) palus World Aquaticsi otsuse rakendamise Euroopas edasi l\u00fckata kuni 1. septembrini. Praegu on k\u00e4imas justkui \u00fcleminekuperiood. Siiski ei t\u00e4henda see seda, et agressorriigi sportlastel ei lubata v\u00f5istelda.<\/p>\n<p>Eesti ujumiskoondise peatreener Toni Meijel t\u00f5des Delfiga vesteldes, et Venemaa sportlaste EM-ile lubamine on tema jaoks kahetine teema.<\/p>\n<p class=\"isSelectedEnd\">\u201eUjumises pole v\u00f5istluste ajal otsest konflikti v\u00f5i vastasseisu,\u201c alustas ta. \u201eUjujate seas on v\u00e4ga \u00fchtehoidev ja s\u00f5bralik keskkond. Meil on paljud s\u00f5brad Ukrainast, kuid paljudel on s\u00f5brad Venemaalt, kellega suheldakse n\u00fc\u00fcd v\u00e4hem.\u201c<\/p>\n<p class=\"isSelectedEnd\">Meijel andis m\u00f5ista, et tema meelest tuleks sport ja poliitika hoida lahus.<\/p>\n<p class=\"isSelectedEnd\">Pariisi EM-il on teiste sportlaste seas stardis 40 Venemaa basseiniujujat ja \u00fcheksa avaveeujujat. M\u00f5ned neist on ka Eesti koondislaste, sealhulgas Eneli Jefimova ja Ralf Tribuntsovi otsesed konkurendid.<\/p>\n<p><a href=\"https:\/\/sport.delfi.ee\/artikkel\/120601792\/pariisi-em-il-osaleb-49-vene-ujujat-peatreener-meijel-koige-kurvem-oleks-see-kui-sportlased-ei-anna-teineteisele-katt\/kommentaarid\" class=\"article-body-bottom__comment article-body-bottom__comment--write button button--primary button--size-auto\" rel=\"nofollow noopener\" target=\"_blank\"> Kommenteeri <\/a><a href=\"https:\/\/sport.delfi.ee\/artikkel\/120601792\/pariisi-em-il-osaleb-49-vene-ujujat-peatreener-meijel-koige-kurvem-oleks-see-kui-sportlased-ei-anna-teineteisele-katt\/kommentaarid\" class=\"article-body-bottom__comment article-body-bottom__comment--read button button--size-auto\" rel=\"nofollow noopener\" target=\"_blank\"> Loe kommentaare (29)<\/a><\/p>\n","protected":false},"excerpt":{"rendered":"Rahvusvaheline ujumisliit langetas aprilli keskel otsuse, mille kohaselt saavad Venemaa ja Valgevene ujujad naasta rahvusvahelistele v\u00f5istlustele oma riigi&hellip;\n","protected":false},"author":2,"featured_media":244900,"comment_status":"","ping_status":"","sticky":false,"template":"","format":"standard","meta":{"footnotes":"","_share_on_mastodon":"0"},"categories":[18],"tags":[37,33,35,5144,34,36,2311,125,5129,159,158,5146,5260],"class_list":["post-244899","post","type-post","status-publish","format-standard","has-post-thumbnail","category-sport","tag-ee","tag-eesti","tag-eesti-keel","tag-eneli-jefimova","tag-estonia","tag-estonian","tag-euroopa-meistrivoistlused","tag-pariis","tag-ralf-tribuntsov","tag-sport","tag-sports","tag-toni-meijel","tag-ujumine"],"share_on_mastodon":{"url":"https:\/\/pubeurope.com\/@ee\/117042862029041770","error":""},"_links":{"self":[{"href":"https:\/\/www.europesays.com\/ee\/wp-json\/wp\/v2\/posts\/244899","targetHints":{"allow":["GET"]}}],"collection":[{"href":"https:\/\/www.europesays.com\/ee\/wp-json\/wp\/v2\/posts"}],"about":[{"href":"https:\/\/www.europesays.com\/ee\/wp-json\/wp\/v2\/types\/post"}],"author":[{"embeddable":true,"href":"https:\/\/www.europesays.com\/ee\/wp-json\/wp\/v2\/users\/2"}],"replies":[{"embeddable":true,"href":"https:\/\/www.europesays.com\/ee\/wp-json\/wp\/v2\/comments?post=244899"}],"version-history":[{"count":0,"href":"https:\/\/www.europesays.com\/ee\/wp-json\/wp\/v2\/posts\/244899\/revisions"}],"wp:featuredmedia":[{"embeddable":true,"href":"https:\/\/www.europesays.com\/ee\/wp-json\/wp\/v2\/media\/244900"}],"wp:attachment":[{"href":"https:\/\/www.europesays.com\/ee\/wp-json\/wp\/v2\/media?parent=244899"}],"wp:term":[{"taxonomy":"category","embeddable":true,"href":"https:\/\/www.europesays.com\/ee\/wp-json\/wp\/v2\/categories?post=244899"},{"taxonomy":"post_tag","embeddable":true,"href":"https:\/\/www.europesays.com\/ee\/wp-json\/wp\/v2\/tags?post=244899"}],"curies":[{"name":"wp","href":"https:\/\/api.w.org\/{rel}","templated":true}]}}