{"id":244979,"date":"2026-08-05T13:48:07","date_gmt":"2026-08-05T13:48:07","guid":{"rendered":"https:\/\/www.europesays.com\/ee\/244979\/"},"modified":"2026-08-05T13:48:07","modified_gmt":"2026-08-05T13:48:07","slug":"graafikud-eesti-miinimumpalk-on-ostujoudu-arvestades-euroopa-liidu-madalaim","status":"publish","type":"post","link":"https:\/\/www.europesays.com\/ee\/244979\/","title":{"rendered":"GRAAFIKUD | Eesti miinimumpalk on ostuj\u00f5udu arvestades Euroopa Liidu madalaim"},"content":{"rendered":"<p>Nominaalses v\u00e4\u00e4rtuses on Eesti miinimumpalk 946 eurot kuus. See paigutab riigi Euroopa 29 riigi v\u00f5rdluses keskele ehk 16. kohale. Kui aga v\u00f5tta arvesse <a rel=\"noopener nofollow\" target=\"_blank\" href=\"https:\/\/www.delfi.ee\/teema\/96863150\/elukallidus-1\" tag-id=\"96863150\">elukallidust<\/a> ehk ostuj\u00f5u standardit (PPS), on olukord teine.<\/p>\n<p>Eesti langeb ostuj\u00f5udu arvestavas tabelis k\u00fcmme kohta ja kukub 16. positsioonilt 26. kohale. See teeb Eestist Euroopa suurima langeja. Ostuj\u00f5u standardi j\u00e4rgi on Eesti miinimumpalk Euroopa Liidus k\u00f5ige madalam ja on napilt tagapool ka L\u00e4tist.<\/p>\n<p>Eestis oli \u00fcks Euroopa suurimaid palgat\u00f5use<\/p>\n<p>Positiivse poole pealt oli Eesti \u00fcks vaid kaheksast Euroopa riigist, kus miinimumpalk 2026. aasta jaanuarist juulini kasvas. Eestis suurenes alampalk kohalikus v\u00e4\u00e4ringus 6,8 protsenti. Suurem oli kasv vaid P\u00f5hja-Makedoonias (6,9%) ja sama suur Rumeenias (6,8%).<\/p>\n<p>\u00dclej\u00e4\u00e4nud 21 riigis miinimumpalk esimesel poolaastal ei muutunud. Kuna samal perioodil oli euroala <a rel=\"noopener nofollow\" target=\"_blank\" href=\"https:\/\/www.delfi.ee\/teema\/76411939\/inflatsioon\" tag-id=\"76411939\">inflatsioon<\/a> 3,2 protsenti, langes paljudes Euroopa riikides alampalga teenijate reaalne ostuj\u00f5ud.<\/p>\n<p>Euroopa tipus on Luksemburg ja Saksamaa<\/p>\n<p>Euroopa k\u00f5rgeimat nominaalset miinimumpalka maksab Luksemburg, kus see on 2771 eurot kuus. Talle j\u00e4rgnevad Iirimaa (2391 eurot), Saksamaa (2343 eurot) ja Holland (2338 eurot). \u00dcle 2000-eurose miinimumpalgaga riikide hulka kuulub ka Belgia.<\/p>\n<p>Kui arvestada ostuj\u00f5udu, t\u00f5useb esikohale Saksamaa (2164 PPS). Talle j\u00e4rgnevad Luksemburg, Holland, Belgia ja Iirimaa.<\/p>\n<p>Kandidaatriigid edestavad mitut Euroopa Liidu liikmesriiki<\/p>\n<p>Euroopa Liidu madalaim nominaalne miinimumpalk on Bulgaarias (620 eurot). Euroopa Liidu kandidaatriikidest on k\u00f5ige madalam alampalk Ukrainas (169 eurot) ja Moldovas (313 eurot).<\/p>\n<p>Ostuj\u00f5udu arvestades on aga mitme Euroopa Liidu kandidaatriigi elanike seis parem kui paljudes liikmesriikides. N\u00e4iteks P\u00f5hja-Makedoonia ja Serbia miinimumpalga teenijad saavad endale reaalselt lubada rohkem kui seitsme Euroopa Liidu riigi elanikud, sealhulgas edestavad nad Eestit, Maltat, Slovakkiat, Ungarit ja T\u0161ehhit.<\/p>\n<p>Viies Euroopa Liidu riigis \u2013 Itaalias, Taanis, Rootsis, Austrias ja Soomes \u2013 riiklikult kehtestatud miinimumpalka ei olegi.<\/p>\n<p>Kuidas see lugu Sind end tundma pani? Saada <a href=\"https:\/\/arileht.delfi.ee\/artikkel\/120601828\/graafikud-eesti-miinimumpalk-on-ostujoudu-arvestades-euroopa-liidu-madalaim\/kommentaarid\" class=\"article-body-bottom__comment article-body-bottom__comment--write button button--primary button--size-auto\" rel=\"nofollow noopener\" target=\"_blank\"> Kommenteeri <\/a><a href=\"https:\/\/arileht.delfi.ee\/artikkel\/120601828\/graafikud-eesti-miinimumpalk-on-ostujoudu-arvestades-euroopa-liidu-madalaim\/kommentaarid\" class=\"article-body-bottom__comment article-body-bottom__comment--read button button--size-auto\" rel=\"nofollow noopener\" target=\"_blank\"> Loe kommentaare (53)<\/a><\/p>\n","protected":false},"excerpt":{"rendered":"Nominaalses v\u00e4\u00e4rtuses on Eesti miinimumpalk 946 eurot kuus. See paigutab riigi Euroopa 29 riigi v\u00f5rdluses keskele ehk 16.&hellip;\n","protected":false},"author":2,"featured_media":244980,"comment_status":"","ping_status":"","sticky":false,"template":"","format":"standard","meta":{"footnotes":"","_share_on_mastodon":"0"},"categories":[80],"tags":[26,27,37,33,35,3976,34,36,590,31,32,21,3722,28,29,95,25182,19,22027,25,23,24,22,20,30,92,93,94],"class_list":["post-244979","post","type-post","status-publish","format-standard","has-post-thumbnail","category-maailm","tag-breaking-news","tag-breakingnews","tag-ee","tag-eesti","tag-eesti-keel","tag-elukallidus","tag-estonia","tag-estonian","tag-euroopa-liit","tag-featured-news","tag-featurednews","tag-headlines","tag-inflatsioon","tag-latest-news","tag-latestnews","tag-maailm","tag-miinimumpalk","tag-news","tag-ostujoud","tag-populaarseimad-lood","tag-top-stories","tag-topstories","tag-uldised-uudised","tag-uudised","tag-viimased-uudised","tag-world","tag-world-news","tag-worldnews"],"share_on_mastodon":{"url":"https:\/\/pubeurope.com\/@ee\/117043220097528557","error":""},"_links":{"self":[{"href":"https:\/\/www.europesays.com\/ee\/wp-json\/wp\/v2\/posts\/244979","targetHints":{"allow":["GET"]}}],"collection":[{"href":"https:\/\/www.europesays.com\/ee\/wp-json\/wp\/v2\/posts"}],"about":[{"href":"https:\/\/www.europesays.com\/ee\/wp-json\/wp\/v2\/types\/post"}],"author":[{"embeddable":true,"href":"https:\/\/www.europesays.com\/ee\/wp-json\/wp\/v2\/users\/2"}],"replies":[{"embeddable":true,"href":"https:\/\/www.europesays.com\/ee\/wp-json\/wp\/v2\/comments?post=244979"}],"version-history":[{"count":0,"href":"https:\/\/www.europesays.com\/ee\/wp-json\/wp\/v2\/posts\/244979\/revisions"}],"wp:featuredmedia":[{"embeddable":true,"href":"https:\/\/www.europesays.com\/ee\/wp-json\/wp\/v2\/media\/244980"}],"wp:attachment":[{"href":"https:\/\/www.europesays.com\/ee\/wp-json\/wp\/v2\/media?parent=244979"}],"wp:term":[{"taxonomy":"category","embeddable":true,"href":"https:\/\/www.europesays.com\/ee\/wp-json\/wp\/v2\/categories?post=244979"},{"taxonomy":"post_tag","embeddable":true,"href":"https:\/\/www.europesays.com\/ee\/wp-json\/wp\/v2\/tags?post=244979"}],"curies":[{"name":"wp","href":"https:\/\/api.w.org\/{rel}","templated":true}]}}