{"id":245007,"date":"2026-08-05T14:22:10","date_gmt":"2026-08-05T14:22:10","guid":{"rendered":"https:\/\/www.europesays.com\/ee\/245007\/"},"modified":"2026-08-05T14:22:10","modified_gmt":"2026-08-05T14:22:10","slug":"india-noored-naitasid-75-aastasele-peaministrile-koha-katte-tuleb-susteem-korda-teha-ja-noortele-tookohti-luua","status":"publish","type":"post","link":"https:\/\/www.europesays.com\/ee\/245007\/","title":{"rendered":"India noored n\u00e4itasid 75-aastasele peaministrile koha k\u00e4tte: tuleb s\u00fcsteem korda teha ja noortele t\u00f6\u00f6kohti luua"},"content":{"rendered":"<p>Poliitikasse siirdunud tuntud valimisstrateeg Prashant Kishor t\u00f5i oma uuele erakonnale Jan Suraaj l\u00e4bimurdelise v\u00f5idu Bihari osariigi pealinnas Patnas asuvas Bankipuri valimisringkonnas \u2013 piirkonnas, mida peeti varem BJP ehk India Rahvapartei kindlaks kantsiks.<\/p>\n<p>Vahevalimisi j\u00e4lgiti t\u00e4helepanelikult, sest need toimusid vahetult p\u00e4rast eksamit\u00f6\u00f6de lekkimise t\u00f5ttu alanud \u00fcleriigilisi tudengite meeleavaldusi. Skandaal sundis haridusministrit tagasi astuma, mis oli harukordne j\u00e4releandmine valitsuselt, mis tavaliselt avalikkuse survele ei allu.<\/p>\n","protected":false},"excerpt":{"rendered":"Poliitikasse siirdunud tuntud valimisstrateeg Prashant Kishor t\u00f5i oma uuele erakonnale Jan Suraaj l\u00e4bimurdelise v\u00f5idu Bihari osariigi pealinnas Patnas&hellip;\n","protected":false},"author":2,"featured_media":245008,"comment_status":"","ping_status":"","sticky":false,"template":"","format":"standard","meta":{"footnotes":"","_share_on_mastodon":"0"},"categories":[12],"tags":[26,27,37,33,35,34,36,31,32,21,28,29,2390,19,25,23,24,22,20,30],"class_list":["post-245007","post","type-post","status-publish","format-standard","has-post-thumbnail","category-eesti","tag-breaking-news","tag-breakingnews","tag-ee","tag-eesti","tag-eesti-keel","tag-estonia","tag-estonian","tag-featured-news","tag-featurednews","tag-headlines","tag-latest-news","tag-latestnews","tag-narendra-modi","tag-news","tag-populaarseimad-lood","tag-top-stories","tag-topstories","tag-uldised-uudised","tag-uudised","tag-viimased-uudised"],"share_on_mastodon":{"url":"https:\/\/pubeurope.com\/@ee\/117043353846484238","error":""},"_links":{"self":[{"href":"https:\/\/www.europesays.com\/ee\/wp-json\/wp\/v2\/posts\/245007","targetHints":{"allow":["GET"]}}],"collection":[{"href":"https:\/\/www.europesays.com\/ee\/wp-json\/wp\/v2\/posts"}],"about":[{"href":"https:\/\/www.europesays.com\/ee\/wp-json\/wp\/v2\/types\/post"}],"author":[{"embeddable":true,"href":"https:\/\/www.europesays.com\/ee\/wp-json\/wp\/v2\/users\/2"}],"replies":[{"embeddable":true,"href":"https:\/\/www.europesays.com\/ee\/wp-json\/wp\/v2\/comments?post=245007"}],"version-history":[{"count":0,"href":"https:\/\/www.europesays.com\/ee\/wp-json\/wp\/v2\/posts\/245007\/revisions"}],"wp:featuredmedia":[{"embeddable":true,"href":"https:\/\/www.europesays.com\/ee\/wp-json\/wp\/v2\/media\/245008"}],"wp:attachment":[{"href":"https:\/\/www.europesays.com\/ee\/wp-json\/wp\/v2\/media?parent=245007"}],"wp:term":[{"taxonomy":"category","embeddable":true,"href":"https:\/\/www.europesays.com\/ee\/wp-json\/wp\/v2\/categories?post=245007"},{"taxonomy":"post_tag","embeddable":true,"href":"https:\/\/www.europesays.com\/ee\/wp-json\/wp\/v2\/tags?post=245007"}],"curies":[{"name":"wp","href":"https:\/\/api.w.org\/{rel}","templated":true}]}}