{"id":245013,"date":"2026-08-05T14:31:35","date_gmt":"2026-08-05T14:31:35","guid":{"rendered":"https:\/\/www.europesays.com\/ee\/245013\/"},"modified":"2026-08-05T14:31:35","modified_gmt":"2026-08-05T14:31:35","slug":"mertsina-lisaks-tootmismahu-kahanemisele-jai-toostuses-seisma-muugitulu-kasv-majandus","status":"publish","type":"post","link":"https:\/\/www.europesays.com\/ee\/245013\/","title":{"rendered":"Mertsina: lisaks tootmismahu kahanemisele j\u00e4i t\u00f6\u00f6stuses seisma m\u00fc\u00fcgitulu kasv | Majandus"},"content":{"rendered":"<p>Swedbanki pea\u00f6konomisti T\u00f5nu Mertsina s\u00f5nul aitasid juunis t\u00f6\u00f6stustoodangu langusele enim kaasa laevaehituse ja -remondi, elektroonikatoodete, toiduainete ning m\u00f6\u00f6blit\u00f6\u00f6stuse tootmismahu v\u00e4henemine.<\/p>\n<p>Juunis pidurdus ka t\u00f6\u00f6tleva t\u00f6\u00f6stuse m\u00fc\u00fcgitulu kasv \u2013 aasta esimesel poolel suurenes m\u00fc\u00fcgitulu k\u00fcll protsendi v\u00f5rra, kuid see oli aastataguse kasvuga v\u00f5rreldes oluliselt n\u00f5rgem tulemus, m\u00e4rkis Mertsina.<\/p>\n<p>&#8220;Kuigi ekspordist saadud tulu kasv j\u00e4i alla Eesti siseturul saadud tulule, oli ekspordi suurema osakaalu t\u00f5ttu nende m\u00f5ju m\u00fc\u00fcgitulu kasvule \u00fcsna sarnane,&#8221; lisas ta.<\/p>\n<p>Mertsina s\u00f5nul ei ole viimaste kvartalite t\u00f6\u00f6tleva t\u00f6\u00f6stuse tootmismahu muutus k\u00e4inud \u00fchte sammu selle majandusharu SKP-s arvestatava lisandv\u00e4\u00e4rtusega.<\/p>\n<p>&#8220;Esimeses kvartalis oli vaatamata stagneerunud t\u00f6\u00f6tleva t\u00f6\u00f6stuse tootmismahule selle lisandv\u00e4\u00e4rtuse kasv SKP arvestuses tugev ja andis siis enam kui poole majanduses loodud kogu lisandv\u00e4\u00e4rtusest,&#8221; \u00fctles Mertsina.<\/p>\n<p>Kuigi viimastel kuudel Eesti t\u00f6\u00f6stusettev\u00f5tete kindlustunne muutunud ei ole, siis aasta algusega v\u00f5rreldes n\u00e4itab see siiski paranemist ning samuti on kindlustunne tublisti tugevam kui aasta tagasi, m\u00e4rkis ta. N\u00e4iteks on paranenud hinnang tellimustele ja v\u00e4ljavaade toodangumahu kohta.<\/p>\n<p>&#8220;Optimistlikumaks on muutunud ka euroala kui terviku t\u00f6\u00f6tleva t\u00f6\u00f6stuse ettev\u00f5tted,&#8221; \u00fctles Mertsina.<\/p>\n<p>Kuigi Euroopa t\u00f6\u00f6tlevas t\u00f6\u00f6stuses on n\u00e4ha m\u00f5\u00f5dukat taastumist, on n\u00f5udlus endiselt eba\u00fchtlane ning investeerimisotsuseid m\u00f5jutavad j\u00e4tkuvalt geopoliitilised pinged, kaubanduspiirangud ja ebakindlus maailmamajanduse v\u00e4ljavaadete suhtes.<\/p>\n<p>&#8220;Ebakindlus kaubanduspoliitikas ja ettev\u00f5tete soov suurendada varusid v\u00f5imendavad neid m\u00f5jusid veelgi. Tollimaksud ja v\u00f5imalikud uued kaubanduspiirangud on pannud ettev\u00f5tteid tootmist ja hankeahelaid \u00fcmber korraldama ning importi ettepoole tooma, mis on lisanud logistikas\u00fcsteemile t\u00e4iendavat koormust,&#8221; lisas Mertsina.<\/p>\n<p>Mertsina s\u00f5nul eelistavad Euroopa ettev\u00f5tted senisest enam hajutada tarnijaid, suurendada varusid ning tuua osa tootmisest l\u00f5ppturgudele l\u00e4hemale, sest see parandab varustuskindlust, kuid t\u00e4hendab sageli ka k\u00f5rgemaid tootmiskulusid.<\/p>\n<p>&#8220;Eesti t\u00f6\u00f6tlev t\u00f6\u00f6stus tegutseb keskkonnas, kus konkurentsiv\u00f5ime s\u00f5ltub tootlikkuse ja t\u00f6\u00f6j\u00f5ukulude k\u00f5rval \u00fcha rohkem v\u00f5imest kohaneda kiiresti muutuvate globaalsete tingimustega. Eesti t\u00f6\u00f6stusettev\u00f5tete tugevus on paindlikkus, ekspordikogemus ja v\u00f5ime kiiresti kohaneda muutuvate oludega,&#8221; \u00fctles Mertsina.<\/p>\n<p>&#8220;Kuna t\u00f6\u00f6tleva t\u00f6\u00f6stuse ettev\u00f5tted ekspordivad keskmiselt ligi kaks kolmandikku oma toodangust, s\u00f5ltub t\u00f6\u00f6tleva t\u00f6\u00f6stuse kasv eelk\u00f5ige sellest, kui kiiresti elavnevad meie peamised eksporditurud ning kui edukalt suudavad ettev\u00f5tted suurendada lisandv\u00e4\u00e4rtust, investeerida tehnoloogiasse ja leida uusi turge,&#8221; lisas ta.<\/p>\n<p>Mait Palts soovitab ettev\u00f5tetel panustada pikaajalisse strateegiasse<\/p>\n<p>Kaubandus-t\u00f6\u00f6stuskoja peadirektor Mait Palts m\u00e4rkis, et eksportturgudel saavutavad edu ettev\u00f5tted, kes teevad pikemaajalisi plaane ja need ellu viivad.<\/p>\n<p>&#8220;V\u00e4ga palju on enda t\u00f6\u00f6 ja sihikindluse taga, kui me vaatame siin ettev\u00f5tteid,<br \/>kes on just eksporditurgudel aktiivsed ja kes saavad pikaajaliselt panustada ja strateegiliselt seda teevad, on l\u00f5puks sageli edukamad,&#8221; \u00fctles Palts.<\/p>\n<p>Paltsi s\u00f5nul on v\u00e4iksematel ettev\u00f5tetel eksporditurgudele minek keerulisem,<br \/>sest see paraku on seotud ka suuremate riskidega. &#8220;Seda edu ei n\u00e4e kindlasti kuudega, vaid sageli alles paari aasta jooksul, sest k\u00f5ik n\u00f5uab ressurssi ja investeerimiskindlust,&#8221; \u00fctles ta.<\/p>\n<p>Henrik V\u00e4lja: edu toovad k\u00f5rgema v\u00e4\u00e4rtusega tooted<\/p>\n<p>Puidut\u00f6\u00f6stuse liidu juhi Henrik V\u00e4lja hinnangul aitab ettev\u00f5tteid m\u00fc\u00fcgiportfellide nihutamine k\u00f5rgema v\u00e4\u00e4rtusega toodete poole ja l\u00e4bi selle m\u00fc\u00fcgitulude kasvatamine.<\/p>\n<p>V\u00e4lja m\u00e4rkis, et ettev\u00f5tted vajavad konkurentsis p\u00fcsimiseks v\u00e4hemalt samav\u00e4\u00e4rset ettev\u00f5tluskeskkonda kui nende konkurendid naaberriikides. Tema hinnangul piiravad Eestis kehtivad n\u00f5uded puidut\u00f6\u00f6stust rohkem kui l\u00e4hiriikides, mis suurendab ettev\u00f5tete kulusid ja v\u00e4hendab konkurentsiv\u00f5imet.<\/p>\n<p>&#8220;Eksportturgudel konkureerimiseks ei saa Eesti-sisesed piirangud olla oluliselt ulatuslikumad, kui nad on meie l\u00e4hiriikides, aga t\u00e4na need paraku seda siiski on. Eesti riigi sisepoliitikal on v\u00e4ga suur roll m\u00e4ngida, et seda konkurentsiv\u00f5imet toetada,&#8221; lisas V\u00e4lja.<\/p>\n<p><a href=\"https:\/\/www.err.ee\/1610102857\/statistikaamet-toostusettevotete-tootmine-vahenes-juunis-viiendat-kuud\" target=\"_blank\" rel=\"noopener nofollow\">Statistikaameti andmetel<\/a> tootsid Eesti t\u00f6\u00f6stusettev\u00f5tted 2026. aasta juunis p\u00fcsivhindades 4,6 protsenti v\u00e4hem toodangut kui eelmisel aastal samal ajal. T\u00f6\u00f6tlevas t\u00f6\u00f6stuses v\u00e4henes tootmine viiendat kuud j\u00e4rjest.<\/p>\n","protected":false},"excerpt":{"rendered":"Swedbanki pea\u00f6konomisti T\u00f5nu Mertsina s\u00f5nul aitasid juunis t\u00f6\u00f6stustoodangu langusele enim kaasa laevaehituse ja -remondi, elektroonikatoodete, toiduainete ning m\u00f6\u00f6blit\u00f6\u00f6stuse&hellip;\n","protected":false},"author":2,"featured_media":245014,"comment_status":"","ping_status":"","sticky":false,"template":"","format":"standard","meta":{"footnotes":"","_share_on_mastodon":"0"},"categories":[14],"tags":[131,130,37,33,35,34,36,58619,12083,10087,69,6940,392,2060],"class_list":["post-245013","post","type-post","status-publish","format-standard","has-post-thumbnail","category-ari","tag-ari","tag-business","tag-ee","tag-eesti","tag-eesti-keel","tag-estonia","tag-estonian","tag-henrik-valja","tag-mait-palts","tag-puidutoostus","tag-skp","tag-tonu-mertsina","tag-toostus","tag-toostustoodang"],"share_on_mastodon":{"url":"https:\/\/pubeurope.com\/@ee\/117043388999655865","error":""},"_links":{"self":[{"href":"https:\/\/www.europesays.com\/ee\/wp-json\/wp\/v2\/posts\/245013","targetHints":{"allow":["GET"]}}],"collection":[{"href":"https:\/\/www.europesays.com\/ee\/wp-json\/wp\/v2\/posts"}],"about":[{"href":"https:\/\/www.europesays.com\/ee\/wp-json\/wp\/v2\/types\/post"}],"author":[{"embeddable":true,"href":"https:\/\/www.europesays.com\/ee\/wp-json\/wp\/v2\/users\/2"}],"replies":[{"embeddable":true,"href":"https:\/\/www.europesays.com\/ee\/wp-json\/wp\/v2\/comments?post=245013"}],"version-history":[{"count":0,"href":"https:\/\/www.europesays.com\/ee\/wp-json\/wp\/v2\/posts\/245013\/revisions"}],"wp:featuredmedia":[{"embeddable":true,"href":"https:\/\/www.europesays.com\/ee\/wp-json\/wp\/v2\/media\/245014"}],"wp:attachment":[{"href":"https:\/\/www.europesays.com\/ee\/wp-json\/wp\/v2\/media?parent=245013"}],"wp:term":[{"taxonomy":"category","embeddable":true,"href":"https:\/\/www.europesays.com\/ee\/wp-json\/wp\/v2\/categories?post=245013"},{"taxonomy":"post_tag","embeddable":true,"href":"https:\/\/www.europesays.com\/ee\/wp-json\/wp\/v2\/tags?post=245013"}],"curies":[{"name":"wp","href":"https:\/\/api.w.org\/{rel}","templated":true}]}}