{"id":245037,"date":"2026-08-05T14:56:52","date_gmt":"2026-08-05T14:56:52","guid":{"rendered":"https:\/\/www.europesays.com\/ee\/245037\/"},"modified":"2026-08-05T14:56:52","modified_gmt":"2026-08-05T14:56:52","slug":"daniil-martikainen-jarlukovski-%e2%9f%a9-nagu-kaidaks-sauna-asemel-venelasi-lintsimas-nad-tahavad-olla-vallutajad-ja-ohvrid","status":"publish","type":"post","link":"https:\/\/www.europesays.com\/ee\/245037\/","title":{"rendered":"DANIIL MARTIKAINEN-JARLUKOVSKI \u27e9 Nagu k\u00e4idaks sauna asemel venelasi lint\u0161imas. Nad tahavad olla vallutajad ja ohvrid"},"content":{"rendered":"<p class=\"MsoNormal\">Varsti p\u00e4rast Eestisse kolimist m\u00e4rkasin kohalike venelaste juures \u00fcht erip\u00e4ra. L\u00f5imumata venelased r\u00e4\u00e4givad endast nii, nagu N\u00f5ukogude Liidu Kommunistlik Partei r\u00e4\u00e4kis kodanikele afroameeriklastest ja kolmanda maailma L\u00e4\u00e4ne kolonialismi ohvritest. L\u00f5imumata venelased raamistavad ennast diskriminatsiooni ohvritena, kelle elu teeb halvemaks v\u00f5\u00f5ras j\u00f5ud.<\/p>\n","protected":false},"excerpt":{"rendered":"Varsti p\u00e4rast Eestisse kolimist m\u00e4rkasin kohalike venelaste juures \u00fcht erip\u00e4ra. L\u00f5imumata venelased r\u00e4\u00e4givad endast nii, nagu N\u00f5ukogude Liidu&hellip;\n","protected":false},"author":2,"featured_media":245038,"comment_status":"","ping_status":"","sticky":false,"template":"","format":"standard","meta":{"footnotes":"","_share_on_mastodon":"0"},"categories":[5],"tags":[26,27,37,33,35,34,36,31,32,21,30025,28,29,19,96813,25,12300,96811,23,24,22,20,7448,18712,96812,30],"class_list":["post-245037","post","type-post","status-publish","format-standard","has-post-thumbnail","category-uldised-uudised","tag-breaking-news","tag-breakingnews","tag-ee","tag-eesti","tag-eesti-keel","tag-estonia","tag-estonian","tag-featured-news","tag-featurednews","tag-headlines","tag-integratsioon","tag-latest-news","tag-latestnews","tag-news","tag-ohvriidentiteet","tag-populaarseimad-lood","tag-punamonumendid","tag-rannarootsi-reklaam","tag-top-stories","tag-topstories","tag-uldised-uudised","tag-uudised","tag-vene-propaganda","tag-venekeelne-haridus","tag-venelaste-diskrimineerimine","tag-viimased-uudised"],"share_on_mastodon":{"url":"https:\/\/pubeurope.com\/@ee\/117043491213358009","error":""},"_links":{"self":[{"href":"https:\/\/www.europesays.com\/ee\/wp-json\/wp\/v2\/posts\/245037","targetHints":{"allow":["GET"]}}],"collection":[{"href":"https:\/\/www.europesays.com\/ee\/wp-json\/wp\/v2\/posts"}],"about":[{"href":"https:\/\/www.europesays.com\/ee\/wp-json\/wp\/v2\/types\/post"}],"author":[{"embeddable":true,"href":"https:\/\/www.europesays.com\/ee\/wp-json\/wp\/v2\/users\/2"}],"replies":[{"embeddable":true,"href":"https:\/\/www.europesays.com\/ee\/wp-json\/wp\/v2\/comments?post=245037"}],"version-history":[{"count":0,"href":"https:\/\/www.europesays.com\/ee\/wp-json\/wp\/v2\/posts\/245037\/revisions"}],"wp:featuredmedia":[{"embeddable":true,"href":"https:\/\/www.europesays.com\/ee\/wp-json\/wp\/v2\/media\/245038"}],"wp:attachment":[{"href":"https:\/\/www.europesays.com\/ee\/wp-json\/wp\/v2\/media?parent=245037"}],"wp:term":[{"taxonomy":"category","embeddable":true,"href":"https:\/\/www.europesays.com\/ee\/wp-json\/wp\/v2\/categories?post=245037"},{"taxonomy":"post_tag","embeddable":true,"href":"https:\/\/www.europesays.com\/ee\/wp-json\/wp\/v2\/tags?post=245037"}],"curies":[{"name":"wp","href":"https:\/\/api.w.org\/{rel}","templated":true}]}}