{"id":245063,"date":"2026-08-05T15:35:06","date_gmt":"2026-08-05T15:35:06","guid":{"rendered":"https:\/\/www.europesays.com\/ee\/245063\/"},"modified":"2026-08-05T15:35:06","modified_gmt":"2026-08-05T15:35:06","slug":"mis-juhtus-kait-kall-jattis-ootamatult-ara-suvetuuri-selle-pohjuseks-oli-vaga-tobe-onnetus","status":"publish","type":"post","link":"https:\/\/www.europesays.com\/ee\/245063\/","title":{"rendered":"Mis juhtus? Kait Kall j\u00e4ttis ootamatult \u00e4ra suvetuuri: selle p\u00f5hjuseks oli v\u00e4ga tobe \u00f5nnetus"},"content":{"rendered":"<p>\u201eAnname teada, et ootamatu terviserikke t\u00f5ttu ei saa Kait Kall meiega suvetuuril ringi marutada! Aga kuna meie missiooniks on pakkuda k\u00f5igile naeru, toimuvad k\u00f5ik etendused plaanitud aegadel. Kahel etendusel saab Kallist Krall ja \u00fchel h\u00e4rra Argo Aadli,\u201c seisis improteatri teates.<\/p>\n<p>Asendusse l\u00e4ksid 6., 8. ja 10. augusti \u00fcritused. 06.augustil kell 19 Viscosa Kultuuritehases ning 8. augustil Kuressaare Samaaidas asendab Kalli Tarvo Krall. 10.augustil kell 19 on Ohtu m\u00f5isa teatritallis Kalli asemel laval Argo Aadli.<\/p>\n<p>\u201eIga k\u00fclastaja toetus on meie teatrile v\u00e4ga oluline ning oleme t\u00e4nulikud Krallile ja Argole, et nad on valmis appi tulema. Oleme kindlad, et ees ootavad meeleolukad impro\u00f5htud. Kui soovite oma pileti vahetada m\u00f5ne teise IMPEERIUM Improteatri etenduse vastu v\u00f5i soovid piletiraha tagastust, kirjutage meile aadressil info@improimpeerium.ee. Palume aidata meil infot levitada, et see j\u00f5uaks k\u00f5igi piletiomanikeni,\u201c m\u00e4rkis improteatri meeskond.<\/p>\n<p>Kall selgitas <a rel=\"noopener follow nofollow\" target=\"_blank\" href=\"https:\/\/www.ohtuleht.ee\/melu\/1163904\/mis-juhtus-tuntud-humorist-kait-kall-jattis-ootamatult-ara-suvetuuri-selle-pojuseks-oli-vaga-tobe-onnetus\" data-rel-date-range=\"[]\">\u00d5htulehele<\/a>, et tegelikult k\u00f5lab v\u00f5ib-olla hirmutavalt kombinatsioon ootamatu t\u00f5sine terviserike, aga ootamatu see t\u00f5esti oli. \u201eP\u00fchap\u00e4eval, 2. augustil juhtus v\u00e4ga \u00f5nnetu \u00f5nnetus, kui toolilt kukkusin peaga vastu pelletiahju. Nimelt oli mul suvilas ehitusmees sauna ventilatsiooniauku tegemas ja palus, et tuleksin vaatama seda \u00f5iget kohta. Astusin toolile nii valesti, et see l\u00e4ks jalge alt \u00e4ra, p\u00fc\u00fcdsin veel balansseerida, aga maandusin peaga vastu pelletiahju kulmuluule,\u201c kommenteeris Kall ning lisas, et p\u00f6\u00f6rdus viimaks ka EMOsse.<\/p>\n<p>\u201e\u00d5nneks k\u00f5ik on korras. Arst soovitas siiski rahulikult v\u00f5tta ning p\u00e4rast sellist obadust mitte lavale tormata,\u201c m\u00e4rkis ta.<\/p>\n<p>Kuidas see lugu Sind end tundma pani? Saada <a href=\"https:\/\/kroonika.delfi.ee\/artikkel\/120601899\/mis-juhtus-kait-kall-jattis-ootamatult-ara-suvetuuri-selle-pohjuseks-oli-vaga-tobe-onnetus\/kommentaarid\" class=\"article-body-bottom__comment article-body-bottom__comment--write button button--primary button--size-auto\" rel=\"nofollow noopener\" target=\"_blank\"> Kommenteeri <\/a><a href=\"https:\/\/kroonika.delfi.ee\/artikkel\/120601899\/mis-juhtus-kait-kall-jattis-ootamatult-ara-suvetuuri-selle-pohjuseks-oli-vaga-tobe-onnetus\/kommentaarid\" class=\"article-body-bottom__comment article-body-bottom__comment--read button button--size-auto\" rel=\"nofollow noopener\" target=\"_blank\"> Loe kommentaare (4)<\/a><\/p>\n","protected":false},"excerpt":{"rendered":"\u201eAnname teada, et ootamatu terviserikke t\u00f5ttu ei saa Kait Kall meiega suvetuuril ringi marutada! Aga kuna meie missiooniks&hellip;\n","protected":false},"author":2,"featured_media":245064,"comment_status":"","ping_status":"","sticky":false,"template":"","format":"standard","meta":{"footnotes":"","_share_on_mastodon":"0"},"categories":[16],"tags":[37,33,35,173,34,36,47223,140],"class_list":["post-245063","post","type-post","status-publish","format-standard","has-post-thumbnail","category-meelelahutus","tag-ee","tag-eesti","tag-eesti-keel","tag-entertainment","tag-estonia","tag-estonian","tag-kait-kall","tag-meelelahutus"],"share_on_mastodon":{"url":"https:\/\/pubeurope.com\/@ee\/117043640545843387","error":""},"_links":{"self":[{"href":"https:\/\/www.europesays.com\/ee\/wp-json\/wp\/v2\/posts\/245063","targetHints":{"allow":["GET"]}}],"collection":[{"href":"https:\/\/www.europesays.com\/ee\/wp-json\/wp\/v2\/posts"}],"about":[{"href":"https:\/\/www.europesays.com\/ee\/wp-json\/wp\/v2\/types\/post"}],"author":[{"embeddable":true,"href":"https:\/\/www.europesays.com\/ee\/wp-json\/wp\/v2\/users\/2"}],"replies":[{"embeddable":true,"href":"https:\/\/www.europesays.com\/ee\/wp-json\/wp\/v2\/comments?post=245063"}],"version-history":[{"count":0,"href":"https:\/\/www.europesays.com\/ee\/wp-json\/wp\/v2\/posts\/245063\/revisions"}],"wp:featuredmedia":[{"embeddable":true,"href":"https:\/\/www.europesays.com\/ee\/wp-json\/wp\/v2\/media\/245064"}],"wp:attachment":[{"href":"https:\/\/www.europesays.com\/ee\/wp-json\/wp\/v2\/media?parent=245063"}],"wp:term":[{"taxonomy":"category","embeddable":true,"href":"https:\/\/www.europesays.com\/ee\/wp-json\/wp\/v2\/categories?post=245063"},{"taxonomy":"post_tag","embeddable":true,"href":"https:\/\/www.europesays.com\/ee\/wp-json\/wp\/v2\/tags?post=245063"}],"curies":[{"name":"wp","href":"https:\/\/api.w.org\/{rel}","templated":true}]}}