{"id":245087,"date":"2026-08-05T16:03:28","date_gmt":"2026-08-05T16:03:28","guid":{"rendered":"https:\/\/www.europesays.com\/ee\/245087\/"},"modified":"2026-08-05T16:03:28","modified_gmt":"2026-08-05T16:03:28","slug":"saksamaal-tabas-droon-kaubalennukit-valismaa","status":"publish","type":"post","link":"https:\/\/www.europesays.com\/ee\/245087\/","title":{"rendered":"Saksamaal tabas droon kaubalennukit | V\u00e4lismaa"},"content":{"rendered":"<p>Saksamaa v\u00f5imud alustasid uurimist \u00f6\u00f6l vastu kolmap\u00e4eva toimunud juhtumi suhtes, milles Leipzigi\/Halle lennujaamast startinud DHL-i kaubalennuk p\u00f5rkas p\u00e4rast \u00f5hkut\u00f5usmist kokku seni tuvastamata objektiga ning pidi tegema plaaniv\u00e4lise maandumise Hannoveris. Juhtum sai alguse sellest, kui Leipzigi lennuv\u00e4ljalt avastati droon, mille k\u00fcljest leiti hiljem l\u00f5hkeainet.<\/p>\n<p>Esialgsete andmete kohaselt m\u00e4rgati Leipzigi lennujaama l\u00e4hedal drooni, mispeale peatati ajutiselt lennuliiklus ning suleti lennujaama l\u00f5unapoolne lennurada. Politsei v\u00f5ttis lennuki oma kaitse alla. Demineerijad saadeti uurima kahtlast objekti, mis leiti lennuraja l\u00e4hedalt.<\/p>\n<p>Saksamaa siseministeerium kinnitas, et lennujaamast leiti droon, kuid selle t\u00e4pse olemuse kohta ei ole uurimise huvides veel ametlikke \u00fcksikasju avaldatud. Hiljem teatasid politsei ja prokuratuur, et leitud droon oli varustatud l\u00f5hkeseadeldisega.<\/p>\n<p>&#8220;Leipzig-Halle lennujaamas avastas lennujaama t\u00f6\u00f6taja tundmatut l\u00f5hkeseadeldist kandnud drooni,&#8221; teatasid nad, lisades, et politsei kasutas detonaatori eemaldamiseks robotit.<\/p>\n<p>Intsidendi ajal pidi v\u00e4hemalt \u00fcks lennuk maandumise katkestama. Lisaks p\u00f5rkas DHL-i kaubalennuk vahetult p\u00e4rast Leipzigi lennuv\u00e4ljalt \u00f5hkut\u00f5usmist kokku seni tuvastamata objektiga. Lennuk maandus ohutult Hannoveris, kus avastati selle ninaosas v\u00e4iksemad kahjustused. Keegi vigastada ei saanud.<\/p>\n<p>\u00d6\u00f6 jooksul suunati \u00fcmber nii kauba- kui ka reisilende. Hommikuks oli suurem osa lennuliiklusest taastunud, kuid \u00fcks lennurada j\u00e4i uurimise ajaks suletuks.<\/p>\n<p>Drooni avastamist Ukrainale varustust vedava transpordilennuki l\u00e4heduses kinnitas ka NATO esindaja.<\/p>\n<p>Leipzigi\/Halle lennujaam on oluline logistikas\u00f5lm ning seda kasutatakse muu hulgas Ukrainale kuuluvate Antonovi transpordilennukite teenindamiseks.<\/p>\n<p>Lisaks on see lennujaam DHL-i \u00fcks t\u00e4htsamaid logistikakeskusi. DHL teatas kolmap\u00e4eval, et intsidendi t\u00f5ttu on neil tekkinud tarneraskusi. Selle tegevjuhi\u00a0Tobias Meyeri\u00a0s\u00f5nul teeb ettev\u00f5te k\u00f5ik endast oleneva, et olukord normaliseeruks v\u00f5imalikult kiiresti.<\/p>\n<p>Saksamaa v\u00f5imud k\u00e4sitlevad juhtumit v\u00f5imaliku julgeolekuohuna. Ametlikult ei ole veel \u00f6eldud, kas tegemist oli sabotaa\u017eikatsega, kuid Saksamaa on viimastel aastatel korduvalt hoiatanud loata droonilendude ja v\u00f5imalike Venemaaga seotud h\u00fcbriidohtude eest. Samas r\u00f5hutavad uurijad, et praegu ei ole avaldatud t\u00f5endeid, mis seoksid t\u00e4nase juhtumi otseselt m\u00f5ne konkreetse riigi v\u00f5i organisatsiooniga.<\/p>\n<p>Leipzigi lennujaama peetakse relvasaadetiste, sealhulgas Ukraina s\u00f5jaga seotud relvasaadetiste s\u00f5lmpunktiks. Vaid kaks aastat tagasi p\u00e4\u00e4ses see napilt katastroofist, kui Suurbritanniasse teel olnud pakk s\u00fcttis DHL-i logistikakeskuses maapinnal p\u00f5lema. Juurdlus n\u00e4itas, et tegemist oli Venemaa luureteenistuste l\u00e4biviidud operatsiooniga. Leedus, kust pakk teele saadeti, on praegu kohtu all viis v\u00e4idetava sabotaa\u017eiv\u00f5rgustiku kahtlustatavat liiget.<\/p>\n<p>Alates Venemaa agressioonis\u00f5ja algusest Ukraina vastu on Saksamaal sagenenud ka tundmatute droonide vaatluslennud kriitilise infrastruktuuri ning s\u00f5jav\u00e4eobjektide l\u00e4histel. Ainu\u00fcksi aasta esimesel poolel registreeris Saksamaa lennuliiklusteenistus (DFS) umbes 145 loata droonilendude t\u00f5ttu toimunud h\u00e4iret Saksamaa lennujaamade \u00fcmbruses. Enamikul juhtudel ei suuda v\u00f5imud droonide operaatoreid tuvastada.<\/p>\n<p>Saksa f\u00f6deraalpolitsei on hinnanud, et droonide taga v\u00f5ib olla Venemaa, kuid Moskva on igasugust seotust intsidentidega eitanud.<\/p>\n<p>Juulis arreteeriti Baieri liidumaal 37-aastane Moldova kodanik, keda kahtlustati drooni kasutamises relvafirma j\u00e4rel luuramiseks. Mees arreteeriti avalikkuse vihjete p\u00f5hjal ettev\u00f5tte territooriumil viibides. M\u00fcncheni prokuratuur uurib juhtumit ja julgeolekuallikad viitavad sellele, et kahtlusalune v\u00f5is tegutseda Venemaa luureteenistuste nimel.<\/p>\n","protected":false},"excerpt":{"rendered":"Saksamaa v\u00f5imud alustasid uurimist \u00f6\u00f6l vastu kolmap\u00e4eva toimunud juhtumi suhtes, milles Leipzigi\/Halle lennujaamast startinud DHL-i kaubalennuk p\u00f5rkas p\u00e4rast&hellip;\n","protected":false},"author":2,"featured_media":245088,"comment_status":"","ping_status":"","sticky":false,"template":"","format":"standard","meta":{"footnotes":"","_share_on_mastodon":"0"},"categories":[5],"tags":[26,27,22678,37,33,35,34,36,31,32,21,28,29,96825,19,25,96826,23,24,96827,22,20,82733,30],"class_list":["post-245087","post","type-post","status-publish","format-standard","has-post-thumbnail","category-uldised-uudised","tag-breaking-news","tag-breakingnews","tag-dhl","tag-ee","tag-eesti","tag-eesti-keel","tag-estonia","tag-estonian","tag-featured-news","tag-featurednews","tag-headlines","tag-latest-news","tag-latestnews","tag-lepizigi-lennuvali","tag-news","tag-populaarseimad-lood","tag-saksamaa-lennundus","tag-top-stories","tag-topstories","tag-ukraina-varustamine","tag-uldised-uudised","tag-uudised","tag-vene-agressioonisoda-ukrainas","tag-viimased-uudised"],"share_on_mastodon":{"url":"https:\/\/pubeurope.com\/@ee\/117043750905364893","error":""},"_links":{"self":[{"href":"https:\/\/www.europesays.com\/ee\/wp-json\/wp\/v2\/posts\/245087","targetHints":{"allow":["GET"]}}],"collection":[{"href":"https:\/\/www.europesays.com\/ee\/wp-json\/wp\/v2\/posts"}],"about":[{"href":"https:\/\/www.europesays.com\/ee\/wp-json\/wp\/v2\/types\/post"}],"author":[{"embeddable":true,"href":"https:\/\/www.europesays.com\/ee\/wp-json\/wp\/v2\/users\/2"}],"replies":[{"embeddable":true,"href":"https:\/\/www.europesays.com\/ee\/wp-json\/wp\/v2\/comments?post=245087"}],"version-history":[{"count":0,"href":"https:\/\/www.europesays.com\/ee\/wp-json\/wp\/v2\/posts\/245087\/revisions"}],"wp:featuredmedia":[{"embeddable":true,"href":"https:\/\/www.europesays.com\/ee\/wp-json\/wp\/v2\/media\/245088"}],"wp:attachment":[{"href":"https:\/\/www.europesays.com\/ee\/wp-json\/wp\/v2\/media?parent=245087"}],"wp:term":[{"taxonomy":"category","embeddable":true,"href":"https:\/\/www.europesays.com\/ee\/wp-json\/wp\/v2\/categories?post=245087"},{"taxonomy":"post_tag","embeddable":true,"href":"https:\/\/www.europesays.com\/ee\/wp-json\/wp\/v2\/tags?post=245087"}],"curies":[{"name":"wp","href":"https:\/\/api.w.org\/{rel}","templated":true}]}}