{"id":245109,"date":"2026-08-05T16:37:29","date_gmt":"2026-08-05T16:37:29","guid":{"rendered":"https:\/\/www.europesays.com\/ee\/245109\/"},"modified":"2026-08-05T16:37:29","modified_gmt":"2026-08-05T16:37:29","slug":"fia-otsustab-saudi-araabia-mm-ralli-saatuse-septembri-keskpaigaks","status":"publish","type":"post","link":"https:\/\/www.europesays.com\/ee\/245109\/","title":{"rendered":"FIA otsustab Saudi Araabia MM-ralli saatuse septembri keskpaigaks"},"content":{"rendered":"<p>WRC hooaja viimane etapp on planeeritud Saudi Araabiasse, mis peaks toimuma 11.\u201314. novembrini, kuid L\u00e4his-Ida j\u00e4tkuvalt ebastabiilne olukord on tekitanud k\u00fcsimusi mitmete piirkonnas toimuvate autospordis\u00fcndmuste toimumise kohta.<\/p>\n<p>Olukorda on m\u00f5jutanud nii USA ja Iisraeli konflikt Iraaniga kui ka piirkonna pingete kasv, kui sel kuul lagunes kokkulepitud relvarahu. M\u00f5lemad pooled on j\u00e4tkanud r\u00fcnnakuid ning kaubalaevad on j\u00e4tkuvalt v\u00e4ltinud Hormuzi v\u00e4ina, kartes v\u00f5imalikke raketir\u00fcnnakuid.<\/p>\n<p>Viimastel n\u00e4dalatel on L\u00e4his-Idas toimuma pidanud mitmete teiste autospordi\u00fcrituste kavas tehtud muudatusi. FIA kestvuss\u00f5idu (WEC) MM-sari teatas, et 24. oktoobriks kavandatud Katari v\u00f5istlus ning traditsiooniline Bahreini finaaletapp 7. novembril asendatakse Barcelona etapiga 18. oktoobril ja Monza v\u00f5istlusega 7. novembril.<\/p>\n<p>Samuti teatati, et Malaisia Sepangi ringrada v\u00f5\u00f5rustab n\u00fc\u00fcd 2.\u20134. oktoobrini Bahreini vormel-1 etappi, mis pidi algselt toimuma t\u00e4navu aprillis.<\/p>\n<p>Endiselt ei ole otsust tehtud ka vormel-1 hooaja l\u00f5puetappide kohta Kataris (27.\u201329. november) ja Abu Dhabis (4.\u20136. detsember).<\/p>\n<p>Asendusrallit praegu plaanis pole<\/p>\n<p>FIA Road Sport direktori <a rel=\"noopener nofollow\" target=\"_blank\" href=\"https:\/\/www.delfi.ee\/teema\/96865747\/emilia-abel\" tag-id=\"96865747\">Emilia Abel<\/a> \u00fctles Soome rallil v\u00e4ljaandele <a rel=\"noopener nofollow\" target=\"_blank\" href=\"https:\/\/www.delfi.ee\/teema\/24316347\/autosport\" tag-id=\"24316347\">Autosport<\/a>, et organisatsioon j\u00e4lgib olukorda Saudi Araabias v\u00e4ga t\u00e4helepanelikult ning teeb tihedat koost\u00f6\u00f6d v\u00f5istluse korraldajatega, et leida parim lahendus.<\/p>\n<p>\u201eNagu me k\u00f5ik teame, v\u00f5ib olukord v\u00e4ga kiiresti muutuda. Isegi kui teeme \u00fchel p\u00e4eval positiivse otsuse, v\u00f5ib j\u00e4rgmisel n\u00e4dalal olukord olla juba teistsugune,\u201c s\u00f5nas Abel. <\/p>\n<p>Abeli s\u00f5nul arutatakse v\u00f5imalikku m\u00f5ju ka WRC tiimidega, sest teiste meistriv\u00f5istluste kogemused n\u00e4itavad, et piirkondlik ebastabiilsus v\u00f5ib m\u00f5jutada kogu sarja korraldust. \u201eUmbes septembri keskpaik oleks aeg otsuse tegemiseks, sest peame arvestama ka meistriv\u00f5istluste logistiliste k\u00fcsimustega,\u201c lisas ta.<\/p>\n<p>K\u00fcsimusele, kas <a rel=\"noopener nofollow\" target=\"_blank\" href=\"https:\/\/www.delfi.ee\/teema\/96881551\/saudi-araabia-ralli\" tag-id=\"96881551\">Saudi Araabia ralli<\/a> \u00e4raj\u00e4\u00e4mise korral on olemas varuplaan m\u00f5ne teise etapi korraldamiseks, vastas Abel, et praegu keskendutakse endiselt sellele, et v\u00f5istlus saaks toimuda. <\/p>\n<p>Ta lisas, et olukord pole lihtsasti lahendatav, sest WRC2 s\u00f5itjad on oma hooajaplaane koostades arvestanud selle etapiga ning WRC v\u00f5istluse ettevalmistamine n\u00f5uab v\u00e4ga pikka ettevalmistusaega. \u201eMe k\u00f5ik teame, kui pikk ettevalmistusperiood on \u00fche WRC-etapi korraldamiseks,\u201c m\u00e4rkis Abel.<\/p>\n<p>Kuidas see lugu Sind end tundma pani? Saada <a href=\"https:\/\/sport.delfi.ee\/artikkel\/120601723\/fia-otsustab-saudi-araabia-mm-ralli-saatuse-septembri-keskpaigaks\/kommentaarid\" class=\"article-body-bottom__comment article-body-bottom__comment--write button button--primary button--size-auto\" rel=\"nofollow noopener\" target=\"_blank\"> Kommenteeri <\/a><a href=\"https:\/\/sport.delfi.ee\/artikkel\/120601723\/fia-otsustab-saudi-araabia-mm-ralli-saatuse-septembri-keskpaigaks\/kommentaarid\" class=\"article-body-bottom__comment article-body-bottom__comment--read button button--size-auto\" rel=\"nofollow noopener\" target=\"_blank\"> Loe kommentaare <\/a><\/p>\n","protected":false},"excerpt":{"rendered":"WRC hooaja viimane etapp on planeeritud Saudi Araabiasse, mis peaks toimuma 11.\u201314. novembrini, kuid L\u00e4his-Ida j\u00e4tkuvalt ebastabiilne olukord&hellip;\n","protected":false},"author":2,"featured_media":245110,"comment_status":"","ping_status":"","sticky":false,"template":"","format":"standard","meta":{"footnotes":"","_share_on_mastodon":"0"},"categories":[5],"tags":[7587,26,27,37,33,35,94781,34,36,31,32,3306,21,28,29,19,25,24135,23,24,22,20,30],"class_list":["post-245109","post","type-post","status-publish","format-standard","has-post-thumbnail","category-uldised-uudised","tag-autosport","tag-breaking-news","tag-breakingnews","tag-ee","tag-eesti","tag-eesti-keel","tag-emilia-abel","tag-estonia","tag-estonian","tag-featured-news","tag-featurednews","tag-fia","tag-headlines","tag-latest-news","tag-latestnews","tag-news","tag-populaarseimad-lood","tag-saudi-araabia-ralli","tag-top-stories","tag-topstories","tag-uldised-uudised","tag-uudised","tag-viimased-uudised"],"share_on_mastodon":{"url":"https:\/\/pubeurope.com\/@ee\/117043884531232183","error":""},"_links":{"self":[{"href":"https:\/\/www.europesays.com\/ee\/wp-json\/wp\/v2\/posts\/245109","targetHints":{"allow":["GET"]}}],"collection":[{"href":"https:\/\/www.europesays.com\/ee\/wp-json\/wp\/v2\/posts"}],"about":[{"href":"https:\/\/www.europesays.com\/ee\/wp-json\/wp\/v2\/types\/post"}],"author":[{"embeddable":true,"href":"https:\/\/www.europesays.com\/ee\/wp-json\/wp\/v2\/users\/2"}],"replies":[{"embeddable":true,"href":"https:\/\/www.europesays.com\/ee\/wp-json\/wp\/v2\/comments?post=245109"}],"version-history":[{"count":0,"href":"https:\/\/www.europesays.com\/ee\/wp-json\/wp\/v2\/posts\/245109\/revisions"}],"wp:featuredmedia":[{"embeddable":true,"href":"https:\/\/www.europesays.com\/ee\/wp-json\/wp\/v2\/media\/245110"}],"wp:attachment":[{"href":"https:\/\/www.europesays.com\/ee\/wp-json\/wp\/v2\/media?parent=245109"}],"wp:term":[{"taxonomy":"category","embeddable":true,"href":"https:\/\/www.europesays.com\/ee\/wp-json\/wp\/v2\/categories?post=245109"},{"taxonomy":"post_tag","embeddable":true,"href":"https:\/\/www.europesays.com\/ee\/wp-json\/wp\/v2\/tags?post=245109"}],"curies":[{"name":"wp","href":"https:\/\/api.w.org\/{rel}","templated":true}]}}