{"id":245129,"date":"2026-08-05T17:10:11","date_gmt":"2026-08-05T17:10:11","guid":{"rendered":"https:\/\/www.europesays.com\/ee\/245129\/"},"modified":"2026-08-05T17:10:11","modified_gmt":"2026-08-05T17:10:11","slug":"kundas-huppas-mees-kolmandalt-korruselt-alla-vehkis-nugadega-rammis-politseibussi-ja-pogenes","status":"publish","type":"post","link":"https:\/\/www.europesays.com\/ee\/245129\/","title":{"rendered":"Kundas h\u00fcppas mees kolmandalt korruselt alla, vehkis nugadega, rammis politseibussi ja p\u00f5genes"},"content":{"rendered":"<p>Pealtn\u00e4gijate s\u00f5nul toimusid s\u00fcndmused Eha t\u00e4nava kortermajas. Mingil hetkel h\u00fcppas kolmanda korruse aknast v\u00e4lja meesterahvas, kes sai viga ning jalgu enam alla ei v\u00f5tnud. Jalutuna \u00f5ues lebades hakkas ta, nuga k\u00e4es, oma ema s\u00f5imama. Virumaa Teatajaga \u00fchendust v\u00f5tnud inimese s\u00f5nul \u00f5nnestus juures olnud inimestel \u00e4hvardaja relvituks teha, kuid sellega olukord ei rahunenud.<\/p>\n","protected":false},"excerpt":{"rendered":"Pealtn\u00e4gijate s\u00f5nul toimusid s\u00fcndmused Eha t\u00e4nava kortermajas. Mingil hetkel h\u00fcppas kolmanda korruse aknast v\u00e4lja meesterahvas, kes sai viga&hellip;\n","protected":false},"author":2,"featured_media":245130,"comment_status":"","ping_status":"","sticky":false,"template":"","format":"standard","meta":{"footnotes":"","_share_on_mastodon":"0"},"categories":[5],"tags":[26,27,37,33,35,34,36,31,32,21,16432,96839,7137,9496,28,29,7869,19,353,25,23,24,22,20,30],"class_list":["post-245129","post","type-post","status-publish","format-standard","has-post-thumbnail","category-uldised-uudised","tag-breaking-news","tag-breakingnews","tag-ee","tag-eesti","tag-eesti-keel","tag-estonia","tag-estonian","tag-featured-news","tag-featurednews","tag-headlines","tag-ida-prefektuur","tag-joobekahtlus","tag-kriminaalmenetlus","tag-kunda","tag-latest-news","tag-latestnews","tag-linnaliinibuss","tag-news","tag-politsei","tag-populaarseimad-lood","tag-top-stories","tag-topstories","tag-uldised-uudised","tag-uudised","tag-viimased-uudised"],"share_on_mastodon":{"url":"https:\/\/pubeurope.com\/@ee\/117044014438306524","error":""},"_links":{"self":[{"href":"https:\/\/www.europesays.com\/ee\/wp-json\/wp\/v2\/posts\/245129","targetHints":{"allow":["GET"]}}],"collection":[{"href":"https:\/\/www.europesays.com\/ee\/wp-json\/wp\/v2\/posts"}],"about":[{"href":"https:\/\/www.europesays.com\/ee\/wp-json\/wp\/v2\/types\/post"}],"author":[{"embeddable":true,"href":"https:\/\/www.europesays.com\/ee\/wp-json\/wp\/v2\/users\/2"}],"replies":[{"embeddable":true,"href":"https:\/\/www.europesays.com\/ee\/wp-json\/wp\/v2\/comments?post=245129"}],"version-history":[{"count":0,"href":"https:\/\/www.europesays.com\/ee\/wp-json\/wp\/v2\/posts\/245129\/revisions"}],"wp:featuredmedia":[{"embeddable":true,"href":"https:\/\/www.europesays.com\/ee\/wp-json\/wp\/v2\/media\/245130"}],"wp:attachment":[{"href":"https:\/\/www.europesays.com\/ee\/wp-json\/wp\/v2\/media?parent=245129"}],"wp:term":[{"taxonomy":"category","embeddable":true,"href":"https:\/\/www.europesays.com\/ee\/wp-json\/wp\/v2\/categories?post=245129"},{"taxonomy":"post_tag","embeddable":true,"href":"https:\/\/www.europesays.com\/ee\/wp-json\/wp\/v2\/tags?post=245129"}],"curies":[{"name":"wp","href":"https:\/\/api.w.org\/{rel}","templated":true}]}}