{"id":245141,"date":"2026-08-05T17:40:15","date_gmt":"2026-08-05T17:40:15","guid":{"rendered":"https:\/\/www.europesays.com\/ee\/245141\/"},"modified":"2026-08-05T17:40:15","modified_gmt":"2026-08-05T17:40:15","slug":"video-kubassova-loi-ferencvarose-esimeses-euromangus-peaga-varava-soccernet-ee","status":"publish","type":"post","link":"https:\/\/www.europesays.com\/ee\/245141\/","title":{"rendered":"Video: Kubassova l\u00f5i Ferencvarose esimeses eurom\u00e4ngus peaga v\u00e4rava &#8211; Soccernet.ee"},"content":{"rendered":"<p><img decoding=\"async\" src=\"https:\/\/www.europesays.com\/ee\/wp-content\/uploads\/2026\/08\/1785945066.jpg\" alt=\"Vlada Kubassova. Foto: Liisi Troska \/ jalgpall.ee\"\/>&#13;\n<\/p>\n<p>Vlada Kubassova l\u00f5i oma koduklubi Ferencvarose (Ungari) hooaja esimeses eurom\u00e4ngus nurgal\u00f6\u00f6gi olukorras esiposti juurest peaga v\u00e4rava. Ta viigistas seisu Thessaloniki PAOK-i (Kreeka) vastu 2:2-le. Kohtumine l\u00e4ks l\u00f5puks lisaajale, kus Ferencvaros kaotas.<\/p>\n<p>Kubassova kuulus selles naiste Meistrite liiga teise eelringi miniturniiri poolfinaalis p\u00f5hikoosseisu ning tegi 39-kraadises kuumuses kaasa k\u00f5ik 120 minutit. Ta skooris 42. minutil.&#13;\n<\/p>\n<p>Lisaajal saavutas PAOK otsustava 93. minuti 3:2 v\u00f5iduv\u00e4rava, mille autoriks oli Ilektra Tzourtzevits. M\u00e4ngu kokkuv\u00f5ttes j\u00e4id pealel\u00f6\u00f6gid Kreeka klubi kasuks 21:13, l\u00f6\u00f6gid raamide vahele 10:9 ja nurgal\u00f6\u00f6gid 7:2.&#13;\n<\/p>\n<p>Kaotuse t\u00f5ttu j\u00e4tkub Ferencvarose jaoks kodune miniturniir laup\u00e4eval kolmanda koha mat\u0161iga, kus on vastaseks Mitrovica (Kosovo). Kolmanda koha m\u00e4ngu v\u00f5itja saab j\u00e4tkata eurohooaega Euroopa karika esimeses eelringis.<\/p>\n<p>Kubassova v\u00e4rav:&#13;<\/p>\n","protected":false},"excerpt":{"rendered":"&#13; Vlada Kubassova l\u00f5i oma koduklubi Ferencvarose (Ungari) hooaja esimeses eurom\u00e4ngus nurgal\u00f6\u00f6gi olukorras esiposti juurest peaga v\u00e4rava. Ta&hellip;\n","protected":false},"author":2,"featured_media":245142,"comment_status":"","ping_status":"","sticky":false,"template":"","format":"standard","meta":{"footnotes":"","_share_on_mastodon":"0"},"categories":[18],"tags":[37,33,35,34,36,1031,1032,1034,7356,159,158,1035],"class_list":["post-245141","post","type-post","status-publish","format-standard","has-post-thumbnail","category-sport","tag-ee","tag-eesti","tag-eesti-keel","tag-estonia","tag-estonian","tag-ferencvaros","tag-kubassova","tag-naiste-meistrite-liiga","tag-paok","tag-sport","tag-sports","tag-vlada-kubassova"],"share_on_mastodon":{"url":"https:\/\/pubeurope.com\/@ee\/117044132514917428","error":""},"_links":{"self":[{"href":"https:\/\/www.europesays.com\/ee\/wp-json\/wp\/v2\/posts\/245141","targetHints":{"allow":["GET"]}}],"collection":[{"href":"https:\/\/www.europesays.com\/ee\/wp-json\/wp\/v2\/posts"}],"about":[{"href":"https:\/\/www.europesays.com\/ee\/wp-json\/wp\/v2\/types\/post"}],"author":[{"embeddable":true,"href":"https:\/\/www.europesays.com\/ee\/wp-json\/wp\/v2\/users\/2"}],"replies":[{"embeddable":true,"href":"https:\/\/www.europesays.com\/ee\/wp-json\/wp\/v2\/comments?post=245141"}],"version-history":[{"count":0,"href":"https:\/\/www.europesays.com\/ee\/wp-json\/wp\/v2\/posts\/245141\/revisions"}],"wp:featuredmedia":[{"embeddable":true,"href":"https:\/\/www.europesays.com\/ee\/wp-json\/wp\/v2\/media\/245142"}],"wp:attachment":[{"href":"https:\/\/www.europesays.com\/ee\/wp-json\/wp\/v2\/media?parent=245141"}],"wp:term":[{"taxonomy":"category","embeddable":true,"href":"https:\/\/www.europesays.com\/ee\/wp-json\/wp\/v2\/categories?post=245141"},{"taxonomy":"post_tag","embeddable":true,"href":"https:\/\/www.europesays.com\/ee\/wp-json\/wp\/v2\/tags?post=245141"}],"curies":[{"name":"wp","href":"https:\/\/api.w.org\/{rel}","templated":true}]}}