{"id":245335,"date":"2026-08-06T02:20:12","date_gmt":"2026-08-06T02:20:12","guid":{"rendered":"https:\/\/www.europesays.com\/ee\/245335\/"},"modified":"2026-08-06T02:20:12","modified_gmt":"2026-08-06T02:20:12","slug":"nigel-faragei-trikitamine-voib-briti-parlamenti-aidata-krahv-prugikastinao","status":"publish","type":"post","link":"https:\/\/www.europesays.com\/ee\/245335\/","title":{"rendered":"Nigel Farage\u2019i trikitamine v\u00f5ib Briti parlamenti aidata Krahv Pr\u00fcgikastin\u00e4o"},"content":{"rendered":"<p>\u00dchendkuningriigi parlamendisaadikud teevad t\u00f5sist t\u00f6\u00f6d, kuigi k\u00f5rvaltvaatajale v\u00f5ib <a rel=\"noopener nofollow\" target=\"_blank\" href=\"https:\/\/www.delfi.ee\/teema\/69773443\/westminster\" data-rel-date-range=\"[]\">Westminsteri<\/a> palees toimuv tunduda veidra ja l\u00f5busa teatrina. Saadikute vaheleh\u00f5iked \u201ehear, hear\u201c, teravmeelsed, ent s\u00f5bralikud t\u00f6gamised on vana traditsioon, mida mujal riikides ei n\u00e4e. <\/p>\n<p>P\u00e4rast 13. augustit v\u00f5ib see vaatem\u00e4ng saada uue ja ennen\u00e4gematu vaatuse, kui alamkoja saalis istub laitmatult r\u00f5ivastunud saadikute vahele mees, kelle peas on hiiglaslik l\u00e4ikiv pr\u00fcgikast.  <\/p>\n<p>See on <a rel=\"noopener nofollow\" target=\"_blank\" href=\"https:\/\/www.delfi.ee\/teema\/96944982\/count-binface\" data-rel-date-range=\"[]\">Count Binface<\/a> ehk Krahv P\u00fcrgikastin\u00e4gu v\u00f5i Krahv Pr\u00fcgikastipea \u2013 kuidas keegi t\u00f5lkida soovib. Pr\u00fcgikast varjab Londoni kirjanikku, kahe lapse isa Jonathan David Harvey\u2019d (46), kuid parlamenti kandideerib Binface, mitte Harvey. <\/p>\n<p><a href=\"https:\/\/www.delfi.ee\/artikkel\/120601825\/nigel-farage-i-trikitamine-voib-briti-parlamenti-aidata-krahv-prugikastinao\/kommentaarid\" class=\"article-body-bottom__comment article-body-bottom__comment--write button button--primary button--size-auto\" rel=\"nofollow noopener\" target=\"_blank\"> Kommenteeri <\/a><a href=\"https:\/\/www.delfi.ee\/artikkel\/120601825\/nigel-farage-i-trikitamine-voib-briti-parlamenti-aidata-krahv-prugikastinao\/kommentaarid\" class=\"article-body-bottom__comment article-body-bottom__comment--read button button--size-auto\" rel=\"nofollow noopener\" target=\"_blank\"> Loe kommentaare <\/a><\/p>\n","protected":false},"excerpt":{"rendered":"\u00dchendkuningriigi parlamendisaadikud teevad t\u00f5sist t\u00f6\u00f6d, kuigi k\u00f5rvaltvaatajale v\u00f5ib Westminsteri palees toimuv tunduda veidra ja l\u00f5busa teatrina. Saadikute vaheleh\u00f5iked&hellip;\n","protected":false},"author":2,"featured_media":245336,"comment_status":"","ping_status":"","sticky":false,"template":"","format":"standard","meta":{"footnotes":"","_share_on_mastodon":"0"},"categories":[80],"tags":[51918,26,27,96914,37,33,35,34,36,31,32,21,28,29,95,19,5274,25,660,23,24,1038,22,20,30,96913,92,93,94],"class_list":["post-245335","post","type-post","status-publish","format-standard","has-post-thumbnail","category-maailm","tag-alamkoda","tag-breaking-news","tag-breakingnews","tag-count-binface","tag-ee","tag-eesti","tag-eesti-keel","tag-estonia","tag-estonian","tag-featured-news","tag-featurednews","tag-headlines","tag-latest-news","tag-latestnews","tag-maailm","tag-news","tag-nigel-farage","tag-populaarseimad-lood","tag-suurbritannia","tag-top-stories","tag-topstories","tag-uhendkuningriik","tag-uldised-uudised","tag-uudised","tag-viimased-uudised","tag-westminster","tag-world","tag-world-news","tag-worldnews"],"share_on_mastodon":{"url":"https:\/\/pubeurope.com\/@ee\/117046177097764190","error":""},"_links":{"self":[{"href":"https:\/\/www.europesays.com\/ee\/wp-json\/wp\/v2\/posts\/245335","targetHints":{"allow":["GET"]}}],"collection":[{"href":"https:\/\/www.europesays.com\/ee\/wp-json\/wp\/v2\/posts"}],"about":[{"href":"https:\/\/www.europesays.com\/ee\/wp-json\/wp\/v2\/types\/post"}],"author":[{"embeddable":true,"href":"https:\/\/www.europesays.com\/ee\/wp-json\/wp\/v2\/users\/2"}],"replies":[{"embeddable":true,"href":"https:\/\/www.europesays.com\/ee\/wp-json\/wp\/v2\/comments?post=245335"}],"version-history":[{"count":0,"href":"https:\/\/www.europesays.com\/ee\/wp-json\/wp\/v2\/posts\/245335\/revisions"}],"wp:featuredmedia":[{"embeddable":true,"href":"https:\/\/www.europesays.com\/ee\/wp-json\/wp\/v2\/media\/245336"}],"wp:attachment":[{"href":"https:\/\/www.europesays.com\/ee\/wp-json\/wp\/v2\/media?parent=245335"}],"wp:term":[{"taxonomy":"category","embeddable":true,"href":"https:\/\/www.europesays.com\/ee\/wp-json\/wp\/v2\/categories?post=245335"},{"taxonomy":"post_tag","embeddable":true,"href":"https:\/\/www.europesays.com\/ee\/wp-json\/wp\/v2\/tags?post=245335"}],"curies":[{"name":"wp","href":"https:\/\/api.w.org\/{rel}","templated":true}]}}