{"id":245361,"date":"2026-08-06T03:57:09","date_gmt":"2026-08-06T03:57:09","guid":{"rendered":"https:\/\/www.europesays.com\/ee\/245361\/"},"modified":"2026-08-06T03:57:09","modified_gmt":"2026-08-06T03:57:09","slug":"kohus-kuulutas-valja-levikomi-pankroti","status":"publish","type":"post","link":"https:\/\/www.europesays.com\/ee\/245361\/","title":{"rendered":"Kohus kuulutas v\u00e4lja Levikomi pankroti"},"content":{"rendered":"<p>&#13;<br \/>\n                                Harju maakohus kuulutas eile v\u00e4lja telekommunikatsiooniettev\u00f5tte Levikom Eesti O\u00dc pankroti.<\/p>\n<p>Esimene v\u00f5lausaldajate \u00fcldkoosolek toimub 25. augustil Harju maakohtus.<\/p>\n<p>V\u00f5lausaldajatel tuleb n\u00f5uded esitada kahe kuu jooksul<\/p>\n<p>V\u00f5lausaldajad peavad hiljemalt kahe kuu jooksul alates pankrotiteate avaldamisest v\u00e4ljaandes Ametlikud Teadaanded esitama pankrotihaldurile k\u00f5ik oma enne pankroti v\u00e4ljakuulutamist tekkinud n\u00f5uded Levikom Eesti O\u00dc vastu. T\u00e4htajaks esitamata, kuid hiljem tunnustatud n\u00f5uded rahuldatakse pankrotimenetluses viimases j\u00e4rgus.<\/p>\n<p>P\u00e4rast pankroti v\u00e4ljakuulutamist v\u00f5ib ettev\u00f5ttele kuuluvate kohustuste t\u00e4itmist vastu v\u00f5tta \u00fcksnes pankrotihaldur.<\/p>\n<p>Pankrotim\u00e4\u00e4rus kuulub viivitamatule t\u00e4itmisele. V\u00f5lgnikul ja pankrotiavalduse esitanud v\u00f5lausaldajal on \u00f5igus esitada m\u00e4\u00e4ruskaebus 15 p\u00e4eva jooksul alates teate avaldamisest, kuid kaebuse esitamine pankrotim\u00e4\u00e4ruse t\u00e4itmist ei peata.<\/p>\n<p>Levikom Eesti O\u00dc on telekommunikatsiooniettev\u00f5te, mis on pakkunud Eestis interneti- ja side\u00fchenduse teenust. T\u00e4nase seisuga ettev\u00f5tte maksuv\u00f5lg 253 750 eurot.<\/p>\n","protected":false},"excerpt":{"rendered":"&#13; Harju maakohus kuulutas eile v\u00e4lja telekommunikatsiooniettev\u00f5tte Levikom Eesti O\u00dc pankroti. Esimene v\u00f5lausaldajate \u00fcldkoosolek toimub 25. augustil Harju&hellip;\n","protected":false},"author":2,"featured_media":245362,"comment_status":"","ping_status":"","sticky":false,"template":"","format":"standard","meta":{"footnotes":"","_share_on_mastodon":"0"},"categories":[14],"tags":[131,130,37,33,35,34,36,1752,7185,84555],"class_list":["post-245361","post","type-post","status-publish","format-standard","has-post-thumbnail","category-ari","tag-ari","tag-business","tag-ee","tag-eesti","tag-eesti-keel","tag-estonia","tag-estonian","tag-kohus","tag-pankrot","tag-volausaldajad"],"share_on_mastodon":{"url":"https:\/\/pubeurope.com\/@ee\/117046558277365371","error":""},"_links":{"self":[{"href":"https:\/\/www.europesays.com\/ee\/wp-json\/wp\/v2\/posts\/245361","targetHints":{"allow":["GET"]}}],"collection":[{"href":"https:\/\/www.europesays.com\/ee\/wp-json\/wp\/v2\/posts"}],"about":[{"href":"https:\/\/www.europesays.com\/ee\/wp-json\/wp\/v2\/types\/post"}],"author":[{"embeddable":true,"href":"https:\/\/www.europesays.com\/ee\/wp-json\/wp\/v2\/users\/2"}],"replies":[{"embeddable":true,"href":"https:\/\/www.europesays.com\/ee\/wp-json\/wp\/v2\/comments?post=245361"}],"version-history":[{"count":0,"href":"https:\/\/www.europesays.com\/ee\/wp-json\/wp\/v2\/posts\/245361\/revisions"}],"wp:featuredmedia":[{"embeddable":true,"href":"https:\/\/www.europesays.com\/ee\/wp-json\/wp\/v2\/media\/245362"}],"wp:attachment":[{"href":"https:\/\/www.europesays.com\/ee\/wp-json\/wp\/v2\/media?parent=245361"}],"wp:term":[{"taxonomy":"category","embeddable":true,"href":"https:\/\/www.europesays.com\/ee\/wp-json\/wp\/v2\/categories?post=245361"},{"taxonomy":"post_tag","embeddable":true,"href":"https:\/\/www.europesays.com\/ee\/wp-json\/wp\/v2\/tags?post=245361"}],"curies":[{"name":"wp","href":"https:\/\/api.w.org\/{rel}","templated":true}]}}