{"id":245457,"date":"2026-08-06T06:32:33","date_gmt":"2026-08-06T06:32:33","guid":{"rendered":"https:\/\/www.europesays.com\/ee\/245457\/"},"modified":"2026-08-06T06:32:33","modified_gmt":"2026-08-06T06:32:33","slug":"pevkur-usa-relvatarned-jouavad-eestisse-mitte-kuude-vaid-nadalatega-eesti","status":"publish","type":"post","link":"https:\/\/www.europesays.com\/ee\/245457\/","title":{"rendered":"Pevkur: USA relvatarned j\u00f5uavad Eestisse mitte kuude, vaid n\u00e4dalatega | Eesti"},"content":{"rendered":"<p>Iraani s\u00f5ja t\u00f5ttu ajutiselt peatatud USA relvatarned j\u00f5uavad Eestisse juba l\u00e4hin\u00e4dalatel, \u00fctles ERR-ile kaitseminister Hanno Pevkur. Erandiks on HIMARS-i raketid ATACMS, mida ameeriklastelt praegu Iraani s\u00f5ja t\u00f5ttu ei saa.<\/p>\n<p><a href=\"https:\/\/www.err.ee\/1610078941\/pevkur-usa-relvatarned-jouavad-eestisse-lahikuudel\" target=\"_blank\" rel=\"noopener nofollow\">Pevkur \u00fctles juuli keskpaigas<\/a>, et ameeriklastega on saavutatud kokkulepe relvatarnete j\u00e4tkumises ning et kogu tellitud moon on transpordiks vabastatud, v\u00e4lja arvatud ATACMS. Siis pakkus kaitseminister, et eri moonaliigid peaksid Eestisse j\u00f5udma l\u00e4hikuudel ning tarned s\u00f5ltuvad logistilistest \u00fcksikasjadest.<\/p>\n<p>Augusti alguseks on muutunud nii palju, et tarneajad pole m\u00f5\u00f5detavad enam kuudes, vaid n\u00e4dalates, \u00fctles Pevkur kolmap\u00e4eval.<\/p>\n<p>&#8220;Sisulises m\u00f5ttes on seis sama, tarnete liikumine on t\u00f6\u00f6s ja minu teada ikkagi k\u00fcsimus ei ole enam mitte kuudes, vaid n\u00e4dalates. Milline kuup\u00e4ev t\u00e4pselt saab olema tarneks, seda me turvalisuse huvides v\u00e4lja \u00f6elda ei taha,&#8221; lausus ta.<\/p>\n<p>Kuni 300-kilomeetrise laskeulatusega taktikalisi rakette ATACMS-e, mida kasutab mitmikraketiheitja HIMARS, ei saa ameeriklastelt aga endiselt.<\/p>\n<p>&#8220;ATACMS-ide vaatest muutust ei ole. Nagu me n\u00e4eme, Iraanis lahendust siiamaani veel pole ja seet\u00f5ttu ei ole ka meil uut teadmist seoses ATACMS-idega. Nii et k\u00f5ikide muude tarnetega liigume edasi, aga ATACMS-id on ootel,&#8221; lausus Pevkur.<\/p>\n<p>Pevkur \u00fctles juulis, et USA poolt tarneteks vabastatud moona hulka kuuluvad ka n\u00e4iteks HIMARS-i treeningmoon ja GMLRS-s\u00fcsteemid. Moona transportimiseks eelistab Eesti \u00f5hutransporti, kuid v\u00f5imalik on ka meretransport.<\/p>\n<p>Eesti kaitsev\u00e4el on kuus HIMARS-i (M142 High Mobility Artillery Rocket System) mitmikraketiheitjat. Aprillis allkirjastasid riigi kaitseinvesteeringute keskus ja USA kaitset\u00f6\u00f6stusettev\u00f5te Lockheed Martin lepingu kolme uue HIMARS-i raketiheitja soetamiseks, mis peaksid Eestisse j\u00f5udma 2027. aastal.\u00a0<\/p>\n","protected":false},"excerpt":{"rendered":"Iraani s\u00f5ja t\u00f5ttu ajutiselt peatatud USA relvatarned j\u00f5uavad Eestisse juba l\u00e4hin\u00e4dalatel, \u00fctles ERR-ile kaitseminister Hanno Pevkur. Erandiks on&hellip;\n","protected":false},"author":2,"featured_media":245458,"comment_status":"","ping_status":"","sticky":false,"template":"","format":"standard","meta":{"footnotes":"","_share_on_mastodon":"0"},"categories":[14],"tags":[131,6628,130,37,33,35,34,36,492,6627,1925,74552,7518,325],"class_list":["post-245457","post","type-post","status-publish","format-standard","has-post-thumbnail","category-ari","tag-ari","tag-atacms","tag-business","tag-ee","tag-eesti","tag-eesti-keel","tag-estonia","tag-estonian","tag-hanno-pevkur","tag-himars","tag-iraan","tag-moonatarned","tag-relvatarned","tag-usa"],"share_on_mastodon":{"url":"https:\/\/pubeurope.com\/@ee\/117047168014891158","error":""},"_links":{"self":[{"href":"https:\/\/www.europesays.com\/ee\/wp-json\/wp\/v2\/posts\/245457","targetHints":{"allow":["GET"]}}],"collection":[{"href":"https:\/\/www.europesays.com\/ee\/wp-json\/wp\/v2\/posts"}],"about":[{"href":"https:\/\/www.europesays.com\/ee\/wp-json\/wp\/v2\/types\/post"}],"author":[{"embeddable":true,"href":"https:\/\/www.europesays.com\/ee\/wp-json\/wp\/v2\/users\/2"}],"replies":[{"embeddable":true,"href":"https:\/\/www.europesays.com\/ee\/wp-json\/wp\/v2\/comments?post=245457"}],"version-history":[{"count":0,"href":"https:\/\/www.europesays.com\/ee\/wp-json\/wp\/v2\/posts\/245457\/revisions"}],"wp:featuredmedia":[{"embeddable":true,"href":"https:\/\/www.europesays.com\/ee\/wp-json\/wp\/v2\/media\/245458"}],"wp:attachment":[{"href":"https:\/\/www.europesays.com\/ee\/wp-json\/wp\/v2\/media?parent=245457"}],"wp:term":[{"taxonomy":"category","embeddable":true,"href":"https:\/\/www.europesays.com\/ee\/wp-json\/wp\/v2\/categories?post=245457"},{"taxonomy":"post_tag","embeddable":true,"href":"https:\/\/www.europesays.com\/ee\/wp-json\/wp\/v2\/tags?post=245457"}],"curies":[{"name":"wp","href":"https:\/\/api.w.org\/{rel}","templated":true}]}}