{"id":245473,"date":"2026-08-06T06:52:29","date_gmt":"2026-08-06T06:52:29","guid":{"rendered":"https:\/\/www.europesays.com\/ee\/245473\/"},"modified":"2026-08-06T06:52:29","modified_gmt":"2026-08-06T06:52:29","slug":"kes-oleks-uskunud-%e2%9f%a9-lauljatar-bjorki-kleidid-valmivad-rakvere-omblejate-kae-all","status":"publish","type":"post","link":"https:\/\/www.europesays.com\/ee\/245473\/","title":{"rendered":"KES OLEKS USKUNUD? \u27e9 Lauljatar Bj\u00f6rki kleidid valmivad Rakvere \u00f5mblejate k\u00e4e all"},"content":{"rendered":"<p>Bj\u00f6rki nimi ei seostu ilmselt kellelgi Rakverega. Ometi on maailmakuulus islandi laulja kandnud kleite, mille valmimisel on oma roll olnud just siinsel t\u00f6\u00f6kojal. Samas \u00f5mmeldakse r\u00f5ivaid ka moelooja Julia Heueri kollektsioonide tarvis ehk panustatakse loomingusse, mida esitletakse Pariisis ja mujal maailmas.<\/p>\n<p>V\u00e4hesed teavad, et nende r\u00f5ivaste taga on Rakvere ettev\u00f5te AG MOODI O\u00dc. Tagasihoidlikus tootmishoones kostab hommikul \u00f5mblusmasinate \u00fchtlane vurin. Akende all on lahti rullitud kangad, laudadel lebavad l\u00f5iked ning \u00f5mblejate k\u00e4e all valmivad r\u00f5ivad, mille v\u00e4\u00e4rtust ei m\u00f5\u00f5deta \u00fcksnes tuhandetes eurodes, vaid sadades t\u00f6\u00f6tundides ja meistrite aastatega omandatud oskustes. Esmapilgul ei viita miski sellele, et just siin s\u00fcnnivad riideesemed, mis j\u00f5uavad n\u00e4iteks ka Eesti presidendi vastuv\u00f5ttudele.<\/p>\n","protected":false},"excerpt":{"rendered":"Bj\u00f6rki nimi ei seostu ilmselt kellelgi Rakverega. Ometi on maailmakuulus islandi laulja kandnud kleite, mille valmimisel on oma&hellip;\n","protected":false},"author":2,"featured_media":245474,"comment_status":"","ping_status":"","sticky":false,"template":"","format":"standard","meta":{"footnotes":"","_share_on_mastodon":"0"},"categories":[16],"tags":[96954,96957,96956,37,33,35,173,34,36,96953,96955,14691,96952,140,2972],"class_list":["post-245473","post","type-post","status-publish","format-standard","has-post-thumbnail","category-meelelahutus","tag-anna-viik","tag-bjork","tag-clara-pinto","tag-ee","tag-eesti","tag-eesti-keel","tag-entertainment","tag-estonia","tag-estonian","tag-gristel-leini","tag-julia-heuer","tag-kasitoo","tag-korgmood","tag-meelelahutus","tag-rakvere"],"share_on_mastodon":{"url":"https:\/\/pubeurope.com\/@ee\/117047246893587771","error":""},"_links":{"self":[{"href":"https:\/\/www.europesays.com\/ee\/wp-json\/wp\/v2\/posts\/245473","targetHints":{"allow":["GET"]}}],"collection":[{"href":"https:\/\/www.europesays.com\/ee\/wp-json\/wp\/v2\/posts"}],"about":[{"href":"https:\/\/www.europesays.com\/ee\/wp-json\/wp\/v2\/types\/post"}],"author":[{"embeddable":true,"href":"https:\/\/www.europesays.com\/ee\/wp-json\/wp\/v2\/users\/2"}],"replies":[{"embeddable":true,"href":"https:\/\/www.europesays.com\/ee\/wp-json\/wp\/v2\/comments?post=245473"}],"version-history":[{"count":0,"href":"https:\/\/www.europesays.com\/ee\/wp-json\/wp\/v2\/posts\/245473\/revisions"}],"wp:featuredmedia":[{"embeddable":true,"href":"https:\/\/www.europesays.com\/ee\/wp-json\/wp\/v2\/media\/245474"}],"wp:attachment":[{"href":"https:\/\/www.europesays.com\/ee\/wp-json\/wp\/v2\/media?parent=245473"}],"wp:term":[{"taxonomy":"category","embeddable":true,"href":"https:\/\/www.europesays.com\/ee\/wp-json\/wp\/v2\/categories?post=245473"},{"taxonomy":"post_tag","embeddable":true,"href":"https:\/\/www.europesays.com\/ee\/wp-json\/wp\/v2\/tags?post=245473"}],"curies":[{"name":"wp","href":"https:\/\/api.w.org\/{rel}","templated":true}]}}