{"id":245539,"date":"2026-08-06T08:22:09","date_gmt":"2026-08-06T08:22:09","guid":{"rendered":"https:\/\/www.europesays.com\/ee\/245539\/"},"modified":"2026-08-06T08:22:09","modified_gmt":"2026-08-06T08:22:09","slug":"armsad-klopsud-%e2%9f%a9-heelia-ja-peep-maasik-avaldasid-kolmanda-lapse-soo-kogu-pere-on-vaga-elevil","status":"publish","type":"post","link":"https:\/\/www.europesays.com\/ee\/245539\/","title":{"rendered":"ARMSAD KL\u00d5PSUD \u27e9 Heelia ja Peep Maasik avaldasid kolmanda lapse soo: kogu pere on v\u00e4ga elevil!"},"content":{"rendered":"<p>Endine teleajakirjanik ja praegu sisuloojana tegutsev 31-aastane Heelia Maasik ning tema abikaasa, teatri TEMUFI juht, 34-aastane Peep Maasik teatasid juuli alguses, et nende perre s\u00fcnnib kolmas laps. N\u00fc\u00fcd avaldas paar, kas nende kaks poega saavad endale venna v\u00f5i \u00f5e.<\/p>\n<p class=\"isSelectedEnd\">\u00abTuleb v\u00e4lja, et saame ikka t\u00fcdruku vanemaks olemise kogemuse ka k\u00e4tte,\u00bb teatavad Heelia ja Peep Instagramis, jagades armsaid perepilte.<\/p>\n","protected":false},"excerpt":{"rendered":"Endine teleajakirjanik ja praegu sisuloojana tegutsev 31-aastane Heelia Maasik ning tema abikaasa, teatri TEMUFI juht, 34-aastane Peep Maasik&hellip;\n","protected":false},"author":2,"featured_media":245540,"comment_status":"","ping_status":"","sticky":false,"template":"","format":"standard","meta":{"footnotes":"","_share_on_mastodon":"0"},"categories":[18],"tags":[96975,37,33,35,96978,34,36,90053,5922,29980,96976,39807,20233,1565,5303,8273,159,158,96977],"class_list":["post-245539","post","type-post","status-publish","format-standard","has-post-thumbnail","category-sport","tag-beebiootus","tag-ee","tag-eesti","tag-eesti-keel","tag-endine-teleajakirjanik","tag-estonia","tag-estonian","tag-heelia-maasik","tag-instagram","tag-kolmas-laps","tag-part","tag-paul","tag-peep-maasik","tag-perekond","tag-pulmad","tag-sisulooja","tag-sport","tag-sports","tag-teatri-temufi-juht"],"share_on_mastodon":{"url":"https:\/\/pubeurope.com\/@ee\/117047600419609785","error":""},"_links":{"self":[{"href":"https:\/\/www.europesays.com\/ee\/wp-json\/wp\/v2\/posts\/245539","targetHints":{"allow":["GET"]}}],"collection":[{"href":"https:\/\/www.europesays.com\/ee\/wp-json\/wp\/v2\/posts"}],"about":[{"href":"https:\/\/www.europesays.com\/ee\/wp-json\/wp\/v2\/types\/post"}],"author":[{"embeddable":true,"href":"https:\/\/www.europesays.com\/ee\/wp-json\/wp\/v2\/users\/2"}],"replies":[{"embeddable":true,"href":"https:\/\/www.europesays.com\/ee\/wp-json\/wp\/v2\/comments?post=245539"}],"version-history":[{"count":0,"href":"https:\/\/www.europesays.com\/ee\/wp-json\/wp\/v2\/posts\/245539\/revisions"}],"wp:featuredmedia":[{"embeddable":true,"href":"https:\/\/www.europesays.com\/ee\/wp-json\/wp\/v2\/media\/245540"}],"wp:attachment":[{"href":"https:\/\/www.europesays.com\/ee\/wp-json\/wp\/v2\/media?parent=245539"}],"wp:term":[{"taxonomy":"category","embeddable":true,"href":"https:\/\/www.europesays.com\/ee\/wp-json\/wp\/v2\/categories?post=245539"},{"taxonomy":"post_tag","embeddable":true,"href":"https:\/\/www.europesays.com\/ee\/wp-json\/wp\/v2\/tags?post=245539"}],"curies":[{"name":"wp","href":"https:\/\/api.w.org\/{rel}","templated":true}]}}