{"id":245559,"date":"2026-08-06T08:44:12","date_gmt":"2026-08-06T08:44:12","guid":{"rendered":"https:\/\/www.europesays.com\/ee\/245559\/"},"modified":"2026-08-06T08:44:12","modified_gmt":"2026-08-06T08:44:12","slug":"pohitegijaid-muuva-newcastlei-juhendamise-votab-ule-noor-sakslane-soccernet-ee","status":"publish","type":"post","link":"https:\/\/www.europesays.com\/ee\/245559\/","title":{"rendered":"P\u00f5hitegijaid m\u00fc\u00fcva Newcastle&#8217;i juhendamise v\u00f5tab \u00fcle noor sakslane &#8211; Soccernet.ee"},"content":{"rendered":"<p><img decoding=\"async\" src=\"https:\/\/www.europesays.com\/ee\/wp-content\/uploads\/2026\/08\/1786003526.jpg\" alt=\"Newcastle'i peatreener Matthias Jaissle. Foto: Scanpix \/ Florian Schroetter \/ AP\"\/>&#13;\n<\/p>\n<p>Kahe ja poole n\u00e4dala p\u00e4rast uut Premier League&#8217;i hooaega alustav Newcastle United teatas, et meeskonna uueks peatreeneriks sai Matthias Jaissle.<\/p>\n<p>Mullu Inglismaa k\u00f5rgliigas 12. kohal l\u00f5petanud Newcastle alustas hooaja ettevalmistust Eddie Howe&#8217;i k\u00e4e all, kes juhendas tiimi viimased viis aastat. P\u00e4rast esiliigaklubilt Bristol Citylt saadud 1:4 kaotust otsustas Howe ameti maha panna.&#13;\n<\/p>\n<p>Howe&#8217;i mantlip\u00e4rijaks m\u00e4\u00e4rati 38-aastane sakslane Jaissle, kes on varem t\u00fc\u00fcrinud RB Salzburgi kahe Austria meistritiitlini ning Al-Ahli kahe Aasia Meistrite liiga trofeeni. Samuti on tal tugev saldo nii UEFA Meistrite liigas kui Euroopa liigas.&#13;\n<\/p>\n<p>Jaissle liitub Newcastle&#8217;iga keerulisel ajal, mil \u00e4\u00e4rer\u00fcndaja Anthony Gordon m\u00fc\u00fcdi 80 miljoni euro eest Barcelonasse ja poolkaitsja Sandro Tonali 117 miljoni euro eest Tottenhami. Lisaks on teada, et \u00f5ige pea lahkub ka satsi kapten Bruno Guimaraes, kes m\u00fc\u00fcakse 85 miljoni eest Arsenali.<\/p>\n<p>Treeningm\u00e4ngudes veel Valencia, Evertoni, Leverkuseni Bayeri ning Strasbourgiga madistav Newcastle alustab uut Premier League&#8217;i hooaega 23. augustil, v\u00f5\u00f5rustades Liverpooli.&#13;\n<\/p>\n<blockquote class=\"twitter-tweet\"><p>&#13;<\/p>\n<p lang=\"en\" dir=\"ltr\">Your new head coach at Newcastle United \ud83d\udc54 <a href=\"https:\/\/t.co\/WlBvKShVWS\" rel=\"nofollow\">pic.twitter.com\/WlBvKShVWS<\/a>&#13;<br \/>\n\u2014 Newcastle United (@NUFC) <a href=\"https:\/\/x.com\/NUFC\/status\/2085074653429551243?ref_src=twsrc%5Etfw\" rel=\"nofollow\">August 5, 2026<\/a><\/p>\n<\/blockquote>\n<p>          <script async src=\"https:\/\/platform.twitter.com\/widgets.js\" charset=\"utf-8\"><\/script><\/p>\n","protected":false},"excerpt":{"rendered":"&#13; Kahe ja poole n\u00e4dala p\u00e4rast uut Premier League&#8217;i hooaega alustav Newcastle United teatas, et meeskonna uueks peatreeneriks&hellip;\n","protected":false},"author":2,"featured_media":245560,"comment_status":"","ping_status":"","sticky":false,"template":"","format":"standard","meta":{"footnotes":"","_share_on_mastodon":"0"},"categories":[18],"tags":[37,33,35,34,36,95378,95379,1615,6335,808,159,158],"class_list":["post-245559","post","type-post","status-publish","format-standard","has-post-thumbnail","category-sport","tag-ee","tag-eesti","tag-eesti-keel","tag-estonia","tag-estonian","tag-jaissle","tag-matthias-jaissle","tag-newcastle","tag-newcastle-united","tag-premier-league","tag-sport","tag-sports"],"share_on_mastodon":{"url":"https:\/\/pubeurope.com\/@ee\/117047687278835185","error":""},"_links":{"self":[{"href":"https:\/\/www.europesays.com\/ee\/wp-json\/wp\/v2\/posts\/245559","targetHints":{"allow":["GET"]}}],"collection":[{"href":"https:\/\/www.europesays.com\/ee\/wp-json\/wp\/v2\/posts"}],"about":[{"href":"https:\/\/www.europesays.com\/ee\/wp-json\/wp\/v2\/types\/post"}],"author":[{"embeddable":true,"href":"https:\/\/www.europesays.com\/ee\/wp-json\/wp\/v2\/users\/2"}],"replies":[{"embeddable":true,"href":"https:\/\/www.europesays.com\/ee\/wp-json\/wp\/v2\/comments?post=245559"}],"version-history":[{"count":0,"href":"https:\/\/www.europesays.com\/ee\/wp-json\/wp\/v2\/posts\/245559\/revisions"}],"wp:featuredmedia":[{"embeddable":true,"href":"https:\/\/www.europesays.com\/ee\/wp-json\/wp\/v2\/media\/245560"}],"wp:attachment":[{"href":"https:\/\/www.europesays.com\/ee\/wp-json\/wp\/v2\/media?parent=245559"}],"wp:term":[{"taxonomy":"category","embeddable":true,"href":"https:\/\/www.europesays.com\/ee\/wp-json\/wp\/v2\/categories?post=245559"},{"taxonomy":"post_tag","embeddable":true,"href":"https:\/\/www.europesays.com\/ee\/wp-json\/wp\/v2\/tags?post=245559"}],"curies":[{"name":"wp","href":"https:\/\/api.w.org\/{rel}","templated":true}]}}