{"id":245715,"date":"2026-08-06T12:03:11","date_gmt":"2026-08-06T12:03:11","guid":{"rendered":"https:\/\/www.europesays.com\/ee\/245715\/"},"modified":"2026-08-06T12:03:11","modified_gmt":"2026-08-06T12:03:11","slug":"tarvo-krall-astub-8-augustil-kuressaare-sadamaaidas-kait-kalli-asemel-impeerium-improteatri-lavale","status":"publish","type":"post","link":"https:\/\/www.europesays.com\/ee\/245715\/","title":{"rendered":"Tarvo Krall astub 8. augustil Kuressaare Sadamaaidas Kait Kalli asemel IMPEERIUM improteatri lavale"},"content":{"rendered":"<p>Etendus toimub plaanip\u00e4raselt Kuressaare Sadamaaidas ning kogu \u00fclej\u00e4\u00e4nud trupp on laval t\u00e4ies koosseisus. Soovime Kaidule kiiret paranemist ning usume, et Tarvo toob publikuni meeldej\u00e4\u00e4va impro\u00f5htu.<\/p>\n<p>Tarvo Krall l\u00f5petas 1992. aastal Eesti Muusika- ja Teatriakadeemia Lavakunstikateedri XV lennu ning on aastate jooksul m\u00e4nginud paljudes Eesti teatrites, sealhulgas Vanalinnastuudios, P\u00e4rimusteatris, Ajateatris, PolygonTeatris, Kom\u00f6\u00f6diateatris, Vana Baskini Teatris ja Teoteatris.<\/p>\n<p>Kolleegid iseloomustavad Tarvot s\u00f5nadega: \u201eTarvo on t\u00f5eline impromuhedik \u2013 tema tasakaalukas lavahuumor v\u00f5idab k\u00f5ikide s\u00fcdamed.\u201c Samuti on \u00f6eldud: \u201eTarvo Krall \u2013 r\u00f5\u00f5murull!\u201c ning \u201eTarvole meeldib laval hullata. Igast tema keharakust paiskub v\u00e4lja puhas m\u00e4ngur\u00f5\u00f5m. Sellest lavapartnerina osa saada ja publikul seda vaadata on t\u00f5eline nauding.\u201c<\/p>\n<p>Koos Tarvo Kralliga astuvad lavale IMPEERIUMi n\u00e4itlejad Maarius P\u00e4rn ja Merilin Kirbits, muusik Ragnar Toompuu ning valgustaja Aleksander Sprohgis.<\/p>\n<p>Kui m\u00f5ni piletiostja soovib pileti vahetada m\u00f5ne teise IMPEERIUM improteatri etenduse vastu v\u00f5i soovib piletiraha tagastust, palume kirjutada aadressil <a href=\"https:\/\/saartehaal.postimees.ee\/8522589\/mailto:info@improimpeerium.ee\" target=\"_blank\" rel=\"nofollow noopener\">info@improimpeerium.ee<\/a> hiljemalt 8. august kell 16.00. Leiame igale soovijale sobiva lahenduse.<\/p>\n<p>T\u00e4name s\u00fcdamest abi eest ja loodame kohtuda publikuga juba 8. augustil Kuressaare Sadamaaidas.<\/p>\n","protected":false},"excerpt":{"rendered":"Etendus toimub plaanip\u00e4raselt Kuressaare Sadamaaidas ning kogu \u00fclej\u00e4\u00e4nud trupp on laval t\u00e4ies koosseisus. Soovime Kaidule kiiret paranemist ning&hellip;\n","protected":false},"author":2,"featured_media":245716,"comment_status":"","ping_status":"","sticky":false,"template":"","format":"standard","meta":{"footnotes":"","_share_on_mastodon":"0"},"categories":[16],"tags":[97051,97048,37,33,35,173,34,36,97044,47223,97050,97045,97046,140,55094,97047,82418,97049,38563,11059],"class_list":["post-245715","post","type-post","status-publish","format-standard","has-post-thumbnail","category-meelelahutus","tag-ajateater","tag-aleksander-sprohgis","tag-ee","tag-eesti","tag-eesti-keel","tag-entertainment","tag-estonia","tag-estonian","tag-impeerium-improteater","tag-kait-kall","tag-komoodiateater","tag-kuressaare-sadamaait","tag-maarius-parn","tag-meelelahutus","tag-merilin-kirbits","tag-ragnar-toompuu","tag-tarvo-krall","tag-teoteater","tag-vana-baskini-teater","tag-vanalinnastuudio"],"share_on_mastodon":{"url":"https:\/\/pubeurope.com\/@ee\/117048469561684693","error":""},"_links":{"self":[{"href":"https:\/\/www.europesays.com\/ee\/wp-json\/wp\/v2\/posts\/245715","targetHints":{"allow":["GET"]}}],"collection":[{"href":"https:\/\/www.europesays.com\/ee\/wp-json\/wp\/v2\/posts"}],"about":[{"href":"https:\/\/www.europesays.com\/ee\/wp-json\/wp\/v2\/types\/post"}],"author":[{"embeddable":true,"href":"https:\/\/www.europesays.com\/ee\/wp-json\/wp\/v2\/users\/2"}],"replies":[{"embeddable":true,"href":"https:\/\/www.europesays.com\/ee\/wp-json\/wp\/v2\/comments?post=245715"}],"version-history":[{"count":0,"href":"https:\/\/www.europesays.com\/ee\/wp-json\/wp\/v2\/posts\/245715\/revisions"}],"wp:featuredmedia":[{"embeddable":true,"href":"https:\/\/www.europesays.com\/ee\/wp-json\/wp\/v2\/media\/245716"}],"wp:attachment":[{"href":"https:\/\/www.europesays.com\/ee\/wp-json\/wp\/v2\/media?parent=245715"}],"wp:term":[{"taxonomy":"category","embeddable":true,"href":"https:\/\/www.europesays.com\/ee\/wp-json\/wp\/v2\/categories?post=245715"},{"taxonomy":"post_tag","embeddable":true,"href":"https:\/\/www.europesays.com\/ee\/wp-json\/wp\/v2\/tags?post=245715"}],"curies":[{"name":"wp","href":"https:\/\/api.w.org\/{rel}","templated":true}]}}