{"id":245735,"date":"2026-08-06T12:19:10","date_gmt":"2026-08-06T12:19:10","guid":{"rendered":"https:\/\/www.europesays.com\/ee\/245735\/"},"modified":"2026-08-06T12:19:10","modified_gmt":"2026-08-06T12:19:10","slug":"leedu-kaitseminister-venemaa-voib-kasutada-ukraina-droone-runnakuteks-balti-riikides","status":"publish","type":"post","link":"https:\/\/www.europesays.com\/ee\/245735\/","title":{"rendered":"Leedu kaitseminister: Venemaa v\u00f5ib kasutada Ukraina droone r\u00fcnnakuteks Balti riikides"},"content":{"rendered":"<p>\u201eMeil on andmeid, et Venemaa kaalub ebakonventsionaalseid kineetilisi r\u00fcnnakuid Balti piirkonna kriitilise taristu vastu,\u201c \u00fctles Kaunas, vahendab LRT. \u201eOn t\u00f5en\u00e4oline, et Venemaa v\u00f5ib kasutada sellel eesm\u00e4rgil Ukraina toodetud droone.\u201c<\/p>\n<p>Kaunas ei avaldanud v\u00f5imalike r\u00fcnnakute kohta detaile ega seda, millal need v\u00f5iksid toimuda.<\/p>\n<p>15min.lt teatel v\u00f5ib Venemaa kasutada kinni p\u00fc\u00fctud Ukraina droone, et p\u00fc\u00fcda tekitada ebakindlust r\u00fcnnaku korraldaja suhtes ja eitada oma vastutust <a rel=\"noopener nofollow\" target=\"_blank\" href=\"https:\/\/www.delfi.ee\/teema\/24581263\/nato\" tag-id=\"24581263\">NATO<\/a> territooriumi r\u00fcndamise eest.<\/p>\n<p>Alates 18. juunist on Leedu relvaj\u00f5ud aidanud avaliku julgeoleku teenistusel (VST) kaitsta t\u00e4htsamaid taristuobjekte, mille hulgas on veeldatud maagasi (LNG) terminal <a rel=\"noopener nofollow\" target=\"_blank\" href=\"https:\/\/www.delfi.ee\/teema\/96945006\/klaipeda-1\" tag-id=\"96945006\">Klaip\u0117das<\/a>, Leedu ja <a rel=\"noopener nofollow\" target=\"_blank\" href=\"https:\/\/www.delfi.ee\/teema\/23754953\/poola\" tag-id=\"23754953\">Poola<\/a> vaheline elektri\u00fchendus LitPol Link Alytuses, transformaatorialajaam Alytuse rajoonis ja Kruonise h\u00fcdroakumulatsioonijaam.<\/p>\n<p>17. juulil allkirjastas Kaunas korralduse s\u00f5jav\u00e4e toetuse pikendamiseks 19. augustini. Relvaj\u00f5ud toetavad objektide valvet 30 s\u00f5jav\u00e4elase ja s\u00f5idukitega.<\/p>\n<p>Kaunas \u00fctles, et Leedu luure on kogunud informatsiooni, mis viitab sellele, et <a rel=\"noopener nofollow\" target=\"_blank\" href=\"https:\/\/www.delfi.ee\/teema\/22871535\/moskva\" tag-id=\"22871535\">Moskva<\/a> uurib selliseid stsenaariume, kuigi ei ole t\u00f5endeid selle kohta, et oleks tehtud otsus midagi teha.<\/p>\n<p>\u201eMa tahan teile kinnitada, et Leedu luure teeb oma t\u00f6\u00f6d, et me kogume informatsiooni ja n\u00e4eme, et Venemaa kaalub v\u00f5imalikke provokatsioone Balti piirkonnas ja vale lipu operatsioonide kasutamist siin,\u201c \u00fctles Kaunas ajakirjanikele.<\/p>\n<p>\u201eEi ole konkreetset kuup\u00e4eva. Me j\u00e4lgime Venemaa planeerimisprotsessi, millest r\u00e4\u00e4givad ka meie NATO liitlased, sealhulgas Poola ja meie Balti naabrid,\u201c \u00fctles Kaunas. \u201eTeised NATO riigid on korduvalt teinud v\u00e4ga selgeks, et nad n\u00e4evad seda, kuulevad seda, teavad sellest ja on hoiatanud Venemaad, et ta seda ei teeks.\u201c<\/p>\n<p>\u201eEt Ukraina r\u00fcndab enesekaitseks edukalt Venemaad, m\u00f5ned Ukraina droonid t\u00f5kestatakse ja m\u00f5ned kukuvad alla,\u201c j\u00e4tkas Kaunas. \u201eVenemaal on olemas neid osi ja droonit\u00fckke ja ta on v\u00f5imeline need t\u00f6\u00f6tavaks aparaadiks kokku panema. On olemas teoreetiline v\u00f5imalus, et selliseid droone v\u00f5idakse kasutada vale lipu operatsioonideks.\u201c<\/p>\n<p>Kaunas r\u00f5hutas, et konventsionaalset s\u00f5jalist ohtu Leedule ei ole ja et ei ole m\u00e4rke, et Venemaa koondaks Leedu piiri \u00e4\u00e4rde v\u00e4gesid.<\/p>\n<p>Kuidas see lugu Sind end tundma pani?Saada<a href=\"https:\/\/www.delfi.ee\/artikkel\/120602077\/leedu-kaitseminister-venemaa-voib-kasutada-ukraina-droone-runnakuteks-balti-riikides\/kommentaarid\" class=\"button button--primary button--size-auto article-body-bottom__comment article-body-bottom__comment--write\" style=\"\" rel=\"nofollow noopener\" target=\"_blank\">Kommenteeri<\/a><a href=\"https:\/\/www.delfi.ee\/artikkel\/120602077\/leedu-kaitseminister-venemaa-voib-kasutada-ukraina-droone-runnakuteks-balti-riikides\/kommentaarid\" class=\"button button--size-auto article-body-bottom__comment article-body-bottom__comment--read\" style=\"\" rel=\"nofollow noopener\" target=\"_blank\">Loe kommentaare (21)<\/a><\/p>\n","protected":false},"excerpt":{"rendered":"\u201eMeil on andmeid, et Venemaa kaalub ebakonventsionaalseid kineetilisi r\u00fcnnakuid Balti piirkonna kriitilise taristu vastu,\u201c \u00fctles Kaunas, vahendab LRT.&hellip;\n","protected":false},"author":2,"featured_media":245736,"comment_status":"","ping_status":"","sticky":false,"template":"","format":"standard","meta":{"footnotes":"","_share_on_mastodon":"0"},"categories":[5],"tags":[2332,26,27,37,33,35,34,36,31,32,21,1960,28,29,115,108,54,19,111,25,23,24,262,22,20,96,30],"class_list":["post-245735","post","type-post","status-publish","format-standard","has-post-thumbnail","category-uldised-uudised","tag-balti-riigid","tag-breaking-news","tag-breakingnews","tag-ee","tag-eesti","tag-eesti-keel","tag-estonia","tag-estonian","tag-featured-news","tag-featurednews","tag-headlines","tag-klaipeda","tag-latest-news","tag-latestnews","tag-leedu","tag-moskva","tag-nato","tag-news","tag-poola","tag-populaarseimad-lood","tag-top-stories","tag-topstories","tag-ukraina","tag-uldised-uudised","tag-uudised","tag-venemaa","tag-viimased-uudised"],"share_on_mastodon":{"url":"https:\/\/pubeurope.com\/@ee\/117048532121020378","error":""},"_links":{"self":[{"href":"https:\/\/www.europesays.com\/ee\/wp-json\/wp\/v2\/posts\/245735","targetHints":{"allow":["GET"]}}],"collection":[{"href":"https:\/\/www.europesays.com\/ee\/wp-json\/wp\/v2\/posts"}],"about":[{"href":"https:\/\/www.europesays.com\/ee\/wp-json\/wp\/v2\/types\/post"}],"author":[{"embeddable":true,"href":"https:\/\/www.europesays.com\/ee\/wp-json\/wp\/v2\/users\/2"}],"replies":[{"embeddable":true,"href":"https:\/\/www.europesays.com\/ee\/wp-json\/wp\/v2\/comments?post=245735"}],"version-history":[{"count":0,"href":"https:\/\/www.europesays.com\/ee\/wp-json\/wp\/v2\/posts\/245735\/revisions"}],"wp:featuredmedia":[{"embeddable":true,"href":"https:\/\/www.europesays.com\/ee\/wp-json\/wp\/v2\/media\/245736"}],"wp:attachment":[{"href":"https:\/\/www.europesays.com\/ee\/wp-json\/wp\/v2\/media?parent=245735"}],"wp:term":[{"taxonomy":"category","embeddable":true,"href":"https:\/\/www.europesays.com\/ee\/wp-json\/wp\/v2\/categories?post=245735"},{"taxonomy":"post_tag","embeddable":true,"href":"https:\/\/www.europesays.com\/ee\/wp-json\/wp\/v2\/tags?post=245735"}],"curies":[{"name":"wp","href":"https:\/\/api.w.org\/{rel}","templated":true}]}}