{"id":245743,"date":"2026-08-06T12:29:13","date_gmt":"2026-08-06T12:29:13","guid":{"rendered":"https:\/\/www.europesays.com\/ee\/245743\/"},"modified":"2026-08-06T12:29:13","modified_gmt":"2026-08-06T12:29:13","slug":"ignar-fjuk-%e2%9f%a9-riigikogu-voiks-delegeerida-presidendi-valimise-ulesande-kohe-valimiskogusse","status":"publish","type":"post","link":"https:\/\/www.europesays.com\/ee\/245743\/","title":{"rendered":"IGNAR FJUK \u27e9 Riigikogu v\u00f5iks delegeerida presidendi valimise \u00fclesande kohe valimiskogusse"},"content":{"rendered":"<p class=\"MsoNormal\">Ja kui see ei \u00f5nnestu, kui nad ei suuda \u00fchises kandidaadis kokku leppida, v\u00f5iks neid s\u00fc\u00fcdistada mitte hakkama saamises ja \u00f6elda, et nad on l\u00e4bi p\u00f5runud. Unustades, et riigikogu liige peab oma otsustustes l\u00e4htuma s\u00fcdametunnistusest, liiati kui tegemist on presidendi valimisega, ja mitte alluma s\u00fc\u00fcdi j\u00e4\u00e4mise hirmus korraldustele anda oma h\u00e4\u00e4l suvalise kandidaadi poolt.<\/p>\n","protected":false},"excerpt":{"rendered":"Ja kui see ei \u00f5nnestu, kui nad ei suuda \u00fchises kandidaadis kokku leppida, v\u00f5iks neid s\u00fc\u00fcdistada mitte hakkama&hellip;\n","protected":false},"author":2,"featured_media":245744,"comment_status":"","ping_status":"","sticky":false,"template":"","format":"standard","meta":{"footnotes":"","_share_on_mastodon":"0"},"categories":[12],"tags":[26,27,37,33,35,34,36,31,32,21,97088,28,29,19,3579,97089,25,18617,643,640,23,24,22,20,31701,28899,30],"class_list":["post-245743","post","type-post","status-publish","format-standard","has-post-thumbnail","category-eesti","tag-breaking-news","tag-breakingnews","tag-ee","tag-eesti","tag-eesti-keel","tag-estonia","tag-estonian","tag-featured-news","tag-featurednews","tag-headlines","tag-ignar-fjuk","tag-latest-news","tag-latestnews","tag-news","tag-pohiseadus","tag-poliitiline-mandaat","tag-populaarseimad-lood","tag-presidendi-valimine","tag-reformierakond","tag-riigikogu","tag-top-stories","tag-topstories","tag-uldised-uudised","tag-uudised","tag-valimiskogu","tag-valitsuskoalitsioon","tag-viimased-uudised"],"share_on_mastodon":{"url":"https:\/\/pubeurope.com\/@ee\/117048571605687574","error":""},"_links":{"self":[{"href":"https:\/\/www.europesays.com\/ee\/wp-json\/wp\/v2\/posts\/245743","targetHints":{"allow":["GET"]}}],"collection":[{"href":"https:\/\/www.europesays.com\/ee\/wp-json\/wp\/v2\/posts"}],"about":[{"href":"https:\/\/www.europesays.com\/ee\/wp-json\/wp\/v2\/types\/post"}],"author":[{"embeddable":true,"href":"https:\/\/www.europesays.com\/ee\/wp-json\/wp\/v2\/users\/2"}],"replies":[{"embeddable":true,"href":"https:\/\/www.europesays.com\/ee\/wp-json\/wp\/v2\/comments?post=245743"}],"version-history":[{"count":0,"href":"https:\/\/www.europesays.com\/ee\/wp-json\/wp\/v2\/posts\/245743\/revisions"}],"wp:featuredmedia":[{"embeddable":true,"href":"https:\/\/www.europesays.com\/ee\/wp-json\/wp\/v2\/media\/245744"}],"wp:attachment":[{"href":"https:\/\/www.europesays.com\/ee\/wp-json\/wp\/v2\/media?parent=245743"}],"wp:term":[{"taxonomy":"category","embeddable":true,"href":"https:\/\/www.europesays.com\/ee\/wp-json\/wp\/v2\/categories?post=245743"},{"taxonomy":"post_tag","embeddable":true,"href":"https:\/\/www.europesays.com\/ee\/wp-json\/wp\/v2\/tags?post=245743"}],"curies":[{"name":"wp","href":"https:\/\/api.w.org\/{rel}","templated":true}]}}