{"id":245813,"date":"2026-08-06T13:43:17","date_gmt":"2026-08-06T13:43:17","guid":{"rendered":"https:\/\/www.europesays.com\/ee\/245813\/"},"modified":"2026-08-06T13:43:17","modified_gmt":"2026-08-06T13:43:17","slug":"usa-korvpalliliit-lebron-james-saab-soovi-korral-koha-la-olumpiale-korvpall","status":"publish","type":"post","link":"https:\/\/www.europesays.com\/ee\/245813\/","title":{"rendered":"USA korvpalliliit: LeBron James saab soovi korral koha LA ol\u00fcmpiale | Korvpall"},"content":{"rendered":"<p>USA meeste korvpallikoondis j\u00e4tab LeBron Jamesile soovi korral koha 2028. aasta Los Angelese suveol\u00fcmpiam\u00e4ngude koosseisus.<\/p>\n<p>USA korvpalliliidu kavatsusest r\u00e4\u00e4kis ESPN-i ajakirjanik Brian Windhorst taskuh\u00e4\u00e4lingusaates &#8220;The Hoop Collective&#8221;.<\/p>\n<p>&#8220;Kui LeBron soovib m\u00e4ngida, saab ta koha koosseisus,&#8221; \u00fctles Windhorst.\u00a0<\/p>\n<p>2028. aasta suvel on James 43-aastane. Varem on ta aga \u00f6elnud, et ei kavatse oma viiendatel ol\u00fcmpiam\u00e4ngudel osaleda.<\/p>\n<p>&#8220;Te teate juba mu vastust,&#8221; \u00fctles James eelmise aasta novembris \u00fches taskuh\u00e4\u00e4lingusaates. &#8220;Ma vaatan seda teleri vahendusel.&#8221;<\/p>\n<p>Kui ta aga m\u00e4ngib l\u00f5puni Philadelphia 76ersiga s\u00f5lmitud kaheaastase lepingu m\u00f5lemad hooajad, on ta 2028. aasta juulis endiselt tegevm\u00e4ngija.\u00a0<\/p>\n<p>Hiljuti teatas karj\u00e4\u00e4ri l\u00f5petamist kaalunud korvpallit\u00e4ht, et s\u00f5lmis kahe aasta pikkuse lepingu Philadelphia 76ersiga.\u00a0<\/p>\n<p>James v\u00f5itis 2004. aastal Ateenas pronksmedali ning seej\u00e4rel kuldmedalid 2008., 2012. ja 2024. aasta m\u00e4ngudel.\u00a0<\/p>\n","protected":false},"excerpt":{"rendered":"USA meeste korvpallikoondis j\u00e4tab LeBron Jamesile soovi korral koha 2028. aasta Los Angelese suveol\u00fcmpiam\u00e4ngude koosseisus. USA korvpalliliidu kavatsusest&hellip;\n","protected":false},"author":2,"featured_media":245814,"comment_status":"","ping_status":"","sticky":false,"template":"","format":"standard","meta":{"footnotes":"","_share_on_mastodon":"0"},"categories":[18],"tags":[37,33,35,34,36,7833,159,158],"class_list":["post-245813","post","type-post","status-publish","format-standard","has-post-thumbnail","category-sport","tag-ee","tag-eesti","tag-eesti-keel","tag-estonia","tag-estonian","tag-lebron-james","tag-sport","tag-sports"],"share_on_mastodon":{"url":"https:\/\/pubeurope.com\/@ee\/117048862526292066","error":""},"_links":{"self":[{"href":"https:\/\/www.europesays.com\/ee\/wp-json\/wp\/v2\/posts\/245813","targetHints":{"allow":["GET"]}}],"collection":[{"href":"https:\/\/www.europesays.com\/ee\/wp-json\/wp\/v2\/posts"}],"about":[{"href":"https:\/\/www.europesays.com\/ee\/wp-json\/wp\/v2\/types\/post"}],"author":[{"embeddable":true,"href":"https:\/\/www.europesays.com\/ee\/wp-json\/wp\/v2\/users\/2"}],"replies":[{"embeddable":true,"href":"https:\/\/www.europesays.com\/ee\/wp-json\/wp\/v2\/comments?post=245813"}],"version-history":[{"count":0,"href":"https:\/\/www.europesays.com\/ee\/wp-json\/wp\/v2\/posts\/245813\/revisions"}],"wp:featuredmedia":[{"embeddable":true,"href":"https:\/\/www.europesays.com\/ee\/wp-json\/wp\/v2\/media\/245814"}],"wp:attachment":[{"href":"https:\/\/www.europesays.com\/ee\/wp-json\/wp\/v2\/media?parent=245813"}],"wp:term":[{"taxonomy":"category","embeddable":true,"href":"https:\/\/www.europesays.com\/ee\/wp-json\/wp\/v2\/categories?post=245813"},{"taxonomy":"post_tag","embeddable":true,"href":"https:\/\/www.europesays.com\/ee\/wp-json\/wp\/v2\/tags?post=245813"}],"curies":[{"name":"wp","href":"https:\/\/api.w.org\/{rel}","templated":true}]}}