{"id":245823,"date":"2026-08-06T13:57:09","date_gmt":"2026-08-06T13:57:09","guid":{"rendered":"https:\/\/www.europesays.com\/ee\/245823\/"},"modified":"2026-08-06T13:57:09","modified_gmt":"2026-08-06T13:57:09","slug":"sugisest-muutub-universaalne-postiteenus-aeglasemaks-ja-kallimaks-eesti","status":"publish","type":"post","link":"https:\/\/www.europesays.com\/ee\/245823\/","title":{"rendered":"S\u00fcgisest muutub universaalne postiteenus aeglasemaks ja kallimaks | Eesti"},"content":{"rendered":"<p>Edaspidi toimetatakse universaalse postiteenusega saadetud kiri kohale hiljemalt kolme t\u00f6\u00f6p\u00e4eva jooksul. Seni toimetati kiri kohale j\u00e4rgmiseks t\u00f6\u00f6p\u00e4evaks. Teenuse hind saab olema 2,10 eurot.<\/p>\n<p>Siseriiklik kirjakande hind t\u00f5useb keskmiselt kuus protsenti. Rahvusvaheliste kirjade ja postipakkide saatmise tasud t\u00f5usevad keskmiselt k\u00fcmme protsenti.<\/p>\n<p>Muutub ka universaalse postiteenuse sisu. Senine v\u00e4\u00e4rtsaadetise teenus asendub kindlustamise lisateenusega, mida saab t\u00e4htsaadetisele juurde osta. Siseriiklikud postipakid ei kuulu edaspidi universaalse postiteenuse hulka. Neid hakatakse osutama kommertsteenusena.<\/p>\n<p>Eesti Posti k\u00f5rval pakuvad seda teenust mitmed logistikaettev\u00f5tted ning hinnad on \u00fcldjuhul madalamad kui riiklikult kehtestatud universaalse postiteenuse hinnakiri. Pakke saab j\u00e4tkuvalt saata ja vastu v\u00f5tta postkontoris, pakiautomaadis v\u00f5i kullerteenusena.<\/p>\n<p>Regionaal- ja p\u00f5llumajandusministeeriumi regionaalarengu asekantsler\u00a0Sigrid Soomlais\u00a0s\u00f5nas, et ministeerium tahab muudatusega kohandada universaalset postiteenust vastavalt muutunud kasutusharjumustele. Samuti on eesm\u00e4rk tagada selle j\u00e4tkuv k\u00e4ttesaadavus kogu Eestis.<\/p>\n<p>&#8220;Inimeste igap\u00e4evane suhtlus on liikunud \u00fcha enam digikanalitesse ning kirjade saatmise mahud on aasta-aastalt v\u00e4henenud. Samal ajal peab universaalne postiteenus j\u00e4\u00e4ma k\u00e4ttesaadavaks k\u00f5igile \u00fcle Eesti. Selleks tuleb teenuse tingimusi ja tasusid ajakohastada, et need vastaks teenuse osutamise tegelikele kuludele, aga ka inimeste vajadustele,&#8221; \u00fctles Soomlais.<\/p>\n<p>Traditsioonilist postiteenust kasutatakse v\u00e4hem<\/p>\n<p>Ministeeriumi avaldatud teates seisis, et m\u00f6\u00f6dunud aastal saadeti iga kolmas kiri detsembris. Ligi 98 protsenti kirjadest saadeti teenusena, mille puhul eeldatakse kirja kohale toimetamist hiljemalt kolme t\u00f6\u00f6p\u00e4eva jooksul.<\/p>\n<p>Kokku saadeti 2025. aastal universaalse postiteenusena \u00fcle 560 000 kirja, mis on 18 protsendi v\u00f5rra v\u00e4hem kui aasta varem. Traditsiooniliste postiteenuste maht on viimase viie aasta jooksul v\u00e4henenud enam kui 75 protsenti.<\/p>\n<p>Soomlaisi s\u00f5nul saavad inimesed ka edaspidi saata kirju k\u00f5ikidesse Eesti piirkondadesse.<\/p>\n<p>Universaalse postiteenuse tasude muutmise ettepaneku esitas konkurentsiamet, mis hindas teenuse omahinda ning hinnakirja muudatuse m\u00f5ju tarbijatele. Hinnakirja ajakohastamise peamised p\u00f5hjused on p\u00e4rast viimast hinnamuudatust suurenenud teenuse osutamise kulud, sealhulgas k\u00fctusekulud.<\/p>\n<p>Eesti Post teavitab kliente hinnakirja rakendumisest ja t\u00e4psest ajakavast.<\/p>\n<p>Aktsiaseltsil Eesti Post, mis tegutseb kaubam\u00e4rgi Omniva all, on tegevusluba nii universaalse postiteenuse osutamiseks kui ka siseriiklike ja rahvusvaheliste kirisaadetiste ja postipakkide edastamiseks. Universaalse postiteenuse osutaja valitakse viieks aastaks konkurentsiameti avaliku konkursiga, praegune leping kehtib aastani 2029.<\/p>\n","protected":false},"excerpt":{"rendered":"Edaspidi toimetatakse universaalse postiteenusega saadetud kiri kohale hiljemalt kolme t\u00f6\u00f6p\u00e4eva jooksul. Seni toimetati kiri kohale j\u00e4rgmiseks t\u00f6\u00f6p\u00e4evaks. Teenuse&hellip;\n","protected":false},"author":2,"featured_media":245824,"comment_status":"","ping_status":"","sticky":false,"template":"","format":"standard","meta":{"footnotes":"","_share_on_mastodon":"0"},"categories":[12],"tags":[26,27,37,33,35,34,36,31,32,21,2879,28,29,19,25,8008,23,24,22,23627,20,30],"class_list":["post-245823","post","type-post","status-publish","format-standard","has-post-thumbnail","category-eesti","tag-breaking-news","tag-breakingnews","tag-ee","tag-eesti","tag-eesti-keel","tag-estonia","tag-estonian","tag-featured-news","tag-featurednews","tag-headlines","tag-hind","tag-latest-news","tag-latestnews","tag-news","tag-populaarseimad-lood","tag-post","tag-top-stories","tag-topstories","tag-uldised-uudised","tag-universaalne-postiteenus","tag-uudised","tag-viimased-uudised"],"share_on_mastodon":{"url":"https:\/\/pubeurope.com\/@ee\/117048917789467242","error":""},"_links":{"self":[{"href":"https:\/\/www.europesays.com\/ee\/wp-json\/wp\/v2\/posts\/245823","targetHints":{"allow":["GET"]}}],"collection":[{"href":"https:\/\/www.europesays.com\/ee\/wp-json\/wp\/v2\/posts"}],"about":[{"href":"https:\/\/www.europesays.com\/ee\/wp-json\/wp\/v2\/types\/post"}],"author":[{"embeddable":true,"href":"https:\/\/www.europesays.com\/ee\/wp-json\/wp\/v2\/users\/2"}],"replies":[{"embeddable":true,"href":"https:\/\/www.europesays.com\/ee\/wp-json\/wp\/v2\/comments?post=245823"}],"version-history":[{"count":0,"href":"https:\/\/www.europesays.com\/ee\/wp-json\/wp\/v2\/posts\/245823\/revisions"}],"wp:featuredmedia":[{"embeddable":true,"href":"https:\/\/www.europesays.com\/ee\/wp-json\/wp\/v2\/media\/245824"}],"wp:attachment":[{"href":"https:\/\/www.europesays.com\/ee\/wp-json\/wp\/v2\/media?parent=245823"}],"wp:term":[{"taxonomy":"category","embeddable":true,"href":"https:\/\/www.europesays.com\/ee\/wp-json\/wp\/v2\/categories?post=245823"},{"taxonomy":"post_tag","embeddable":true,"href":"https:\/\/www.europesays.com\/ee\/wp-json\/wp\/v2\/tags?post=245823"}],"curies":[{"name":"wp","href":"https:\/\/api.w.org\/{rel}","templated":true}]}}