{"id":245875,"date":"2026-08-06T15:00:22","date_gmt":"2026-08-06T15:00:22","guid":{"rendered":"https:\/\/www.europesays.com\/ee\/245875\/"},"modified":"2026-08-06T15:00:22","modified_gmt":"2026-08-06T15:00:22","slug":"tuli-nagi-ja-voitis-everton-polsterdas-keskvalja-varske-meistriga-soccernet-ee","status":"publish","type":"post","link":"https:\/\/www.europesays.com\/ee\/245875\/","title":{"rendered":"Tuli, n\u00e4gi ja v\u00f5itis: Everton polsterdas keskv\u00e4lja v\u00e4rske meistriga &#8211; Soccernet.ee"},"content":{"rendered":"<p><img decoding=\"async\" src=\"https:\/\/www.europesays.com\/ee\/wp-content\/uploads\/2026\/08\/1786004323.jpg\" alt=\"Christian N\u00f6rgaard. Foto: Scanpix \/ Grzegorz Wajda \/ SOPA \/ ZUMA\"\/>&#13;\n<\/p>\n<p>Mullune Inglismaa 13. v\u00f5istkond Everton teatas, et nendega liitus kogenud Taani poolkaitsja Christian N\u00f6rgaard.<\/p>\n<p>32-aastase keskv\u00e4ljamehe jaoks on see viimase kolme hooaja jooksul kolmas koduklubi. Aasta tagasi osteti ta \u00fcle k\u00fcmne miljoni euro eest Arsenali, kes krooniti kevadel Inglismaa t\u0161empioniks. Ehkki N\u00f6rgaardil jagub Premier League&#8217;i kogemust k\u00f5vasti, p\u00e4\u00e4ses ta Kahurimeeste eest k\u00f5rgliigas v\u00e4ljakule seitsmes m\u00e4ngus ja pigem l\u00f5puminutitel.&#13;\n<\/p>\n<p>N\u00e4lg m\u00e4nguaja j\u00e4rgi oli nii suur, et 41-kordne Taani internatsionaal otsustas sel suvel t\u00f6\u00f6andjat vahetada, liitudes k\u00fcmne miljoni euro eest Evertoniga. &#8220;Ma arvan, et klubi liigub \u00f5iges suunas ning eelmine hooaeg oli selle selgeks t\u00f5estuseks. Minu meelest oli meeskonnas v\u00e4ga palju h\u00e4id m\u00e4ngijaid ja Evertoni vastu oli v\u00e4ga raske m\u00e4ngida,&#8221; muljetas N\u00f6rgaard Evertoni pressiteenistusele.&#13;\n<\/p>\n<p>Enne eelmise suve \u00fcleminekut esindas N\u00f6rgaard kuus hooaega Brentfordi, kelle eest k\u00e4is ta platsil 196 korda ning kandis kaptenipaela. Karj\u00e4\u00e4ri jooksul on ta m\u00e4nginud ka Lyngby, HSV, Br\u00f6ndby ja Fiorentina eest.<\/p>\n<p>Evertoni jaoks algab uus hooaeg 22. augustil, kui v\u00f5\u00f5rustatakse Crystal Palace&#8217;it.&#13;\n<\/p>\n<blockquote class=\"twitter-tweet\"><p>&#13;<\/p>\n<p lang=\"en\" dir=\"ltr\">We have completed the signing of Denmark international midfielder Christian N\u00f8rgaard from Arsenal for an undisclosed fee.<\/p>\n<p>Welcome to Everton, Christian! \ud83d\udd35&#13;<br \/>\n\u2014 Everton (@Everton) <a href=\"https:\/\/x.com\/Everton\/status\/2085109129849516281?ref_src=twsrc%5Etfw\" rel=\"nofollow\">August 5, 2026<\/a><\/p>\n<\/blockquote>\n","protected":false},"excerpt":{"rendered":"&#13; Mullune Inglismaa 13. v\u00f5istkond Everton teatas, et nendega liitus kogenud Taani poolkaitsja Christian N\u00f6rgaard. 32-aastase keskv\u00e4ljamehe jaoks&hellip;\n","protected":false},"author":2,"featured_media":245876,"comment_status":"","ping_status":"","sticky":false,"template":"","format":"standard","meta":{"footnotes":"","_share_on_mastodon":"0"},"categories":[18],"tags":[97154,37,33,35,34,36,802,97155,808,159,158],"class_list":["post-245875","post","type-post","status-publish","format-standard","has-post-thumbnail","category-sport","tag-christian-norgaard","tag-ee","tag-eesti","tag-eesti-keel","tag-estonia","tag-estonian","tag-everton","tag-norgaard","tag-premier-league","tag-sport","tag-sports"],"share_on_mastodon":{"url":"https:\/\/pubeurope.com\/@ee\/117049165675486103","error":""},"_links":{"self":[{"href":"https:\/\/www.europesays.com\/ee\/wp-json\/wp\/v2\/posts\/245875","targetHints":{"allow":["GET"]}}],"collection":[{"href":"https:\/\/www.europesays.com\/ee\/wp-json\/wp\/v2\/posts"}],"about":[{"href":"https:\/\/www.europesays.com\/ee\/wp-json\/wp\/v2\/types\/post"}],"author":[{"embeddable":true,"href":"https:\/\/www.europesays.com\/ee\/wp-json\/wp\/v2\/users\/2"}],"replies":[{"embeddable":true,"href":"https:\/\/www.europesays.com\/ee\/wp-json\/wp\/v2\/comments?post=245875"}],"version-history":[{"count":0,"href":"https:\/\/www.europesays.com\/ee\/wp-json\/wp\/v2\/posts\/245875\/revisions"}],"wp:featuredmedia":[{"embeddable":true,"href":"https:\/\/www.europesays.com\/ee\/wp-json\/wp\/v2\/media\/245876"}],"wp:attachment":[{"href":"https:\/\/www.europesays.com\/ee\/wp-json\/wp\/v2\/media?parent=245875"}],"wp:term":[{"taxonomy":"category","embeddable":true,"href":"https:\/\/www.europesays.com\/ee\/wp-json\/wp\/v2\/categories?post=245875"},{"taxonomy":"post_tag","embeddable":true,"href":"https:\/\/www.europesays.com\/ee\/wp-json\/wp\/v2\/tags?post=245875"}],"curies":[{"name":"wp","href":"https:\/\/api.w.org\/{rel}","templated":true}]}}