{"id":245877,"date":"2026-08-06T15:01:17","date_gmt":"2026-08-06T15:01:17","guid":{"rendered":"https:\/\/www.europesays.com\/ee\/245877\/"},"modified":"2026-08-06T15:01:17","modified_gmt":"2026-08-06T15:01:17","slug":"ikooniline-jalgrattafirma-tunturi-esitab-pankrotiavalduse-2","status":"publish","type":"post","link":"https:\/\/www.europesays.com\/ee\/245877\/","title":{"rendered":"Ikooniline jalgrattafirma Tunturi esitab pankrotiavalduse"},"content":{"rendered":"<p>Traditsiooniline jalgrattatootja on viimastel aastatel olnud tugevas kahjumis.<\/p>\n<p>Eelmisel aastal oli Tunturi majandustulemuseks peaaegu 12 miljoni euro suurune kahjum ja k\u00e4ive oli ligikaudu 39 miljonit eurot. Ka 2024. aastal kandis ettev\u00f5te \u00fcle k\u00fcmne miljoni euro suurust kahjumit, kusjuures k\u00e4ive oli veidi \u00fcle 37 miljoni.<\/p>\n<p>Ettev\u00f5te oli tugevas kahjumis ka 2023. aastal, kui selle tulu kasvas j\u00f5udsalt. Enne seda oli ettev\u00f5te saavutanud positiivseid tulemusi.<\/p>\n<p>Algne Tunturi ettev\u00f5te asutati Turus 1922. aastal. Oma jalgrataste tootmist alustas ettev\u00f5te 1930. aastatel.<\/p>\n<p>Aastate jooksul on Tunturi lisaks jalgratastele tootnud ka mopeede. Neist k\u00f5ige kuulsam oli Tunturi Automat mopeed, rahvakeeles tuntud kui Pappa-Tunturi, mida Tunturi andmetel on m\u00fc\u00fcdud \u00fcle 400 000 eksemplari.<\/p>\n<p>T\u00e4nap\u00e4eval kuuluvad ettev\u00f5tte tootevalikusse traditsioonilised linnarattad, maastikurattad, elektrirattad ja n\u00e4iteks ka paksude rehvidega fatbike\u2019id.<\/p>\n<p>Ettev\u00f5tte jalgrattatootmine viidi 2006. aastal \u00fcle Ungarisse. Soomes on Tunturil viimastel aastatel olnud umbes 30 t\u00f6\u00f6tajat.<\/p>\n<p>V\u00e4lismaise emakontserni rahastus on ohus<\/p>\n<p>Viimastel aastatel on Tunturi s\u00f5ltunud oma emaettev\u00f5tte, Hollandi Accell Groupi rahastamisest. Tunturi on kuulunud Accell Groupi alates 2003. aastast.<\/p>\n<p>Yle ei ole Hollandi ettev\u00f5tte poole pankroti kommenteerimiseks p\u00f6\u00f6rdunud. Tunturi ise teemat ei kommenteeri, vaid m\u00e4rgib, et see on emaettev\u00f5tte p\u00e4devuses.<\/p>\n<p>Juba eelmise aasta majandusaasta aruandes juhtis audiitor t\u00e4helepanu Tunturi ettev\u00f5tte tegevuse j\u00e4tkumise ebakindlusele. Audiitori s\u00f5nul on Tunturi j\u00e4tkamine s\u00f5ltunud sellest, kas Hollandi emaettev\u00f5te j\u00e4tkab selle rahastamist.<\/p>\n<p>Samal ajal on ohus olnud ka emakontserni enda rahastus. Sel aastal on Accell Groupis toimunud omandistruktuuri \u00fcmberkujundamine ja see l\u00e4heb ilmselt v\u00f5lausaldajate omandusse.<\/p>\n<p>Kuidas see lugu Sind end tundma pani?Saada<a href=\"https:\/\/arileht.delfi.ee\/a\/120602040\/ikooniline-jalgrattafirma-tunturi-esitab-pankrotiavalduse\/kommentaarid\" class=\"button button--primary button--size-auto article-body-bottom__comment article-body-bottom__comment--write\" style=\"\" rel=\"nofollow noopener\" target=\"_blank\">Kommenteeri<\/a><a href=\"https:\/\/arileht.delfi.ee\/a\/120602040\/ikooniline-jalgrattafirma-tunturi-esitab-pankrotiavalduse\/kommentaarid\" class=\"button button--size-auto article-body-bottom__comment article-body-bottom__comment--read\" style=\"\" rel=\"nofollow noopener\" target=\"_blank\">Loe kommentaare (2)<\/a><\/p>\n","protected":false},"excerpt":{"rendered":"Traditsiooniline jalgrattatootja on viimastel aastatel olnud tugevas kahjumis. Eelmisel aastal oli Tunturi majandustulemuseks peaaegu 12 miljoni euro suurune&hellip;\n","protected":false},"author":2,"featured_media":245878,"comment_status":"","ping_status":"","sticky":false,"template":"","format":"standard","meta":{"footnotes":"","_share_on_mastodon":"0"},"categories":[14],"tags":[131,130,37,33,35,34,36,7185],"class_list":["post-245877","post","type-post","status-publish","format-standard","has-post-thumbnail","category-ari","tag-ari","tag-business","tag-ee","tag-eesti","tag-eesti-keel","tag-estonia","tag-estonian","tag-pankrot"],"share_on_mastodon":{"url":"https:\/\/pubeurope.com\/@ee\/117049169266603798","error":""},"_links":{"self":[{"href":"https:\/\/www.europesays.com\/ee\/wp-json\/wp\/v2\/posts\/245877","targetHints":{"allow":["GET"]}}],"collection":[{"href":"https:\/\/www.europesays.com\/ee\/wp-json\/wp\/v2\/posts"}],"about":[{"href":"https:\/\/www.europesays.com\/ee\/wp-json\/wp\/v2\/types\/post"}],"author":[{"embeddable":true,"href":"https:\/\/www.europesays.com\/ee\/wp-json\/wp\/v2\/users\/2"}],"replies":[{"embeddable":true,"href":"https:\/\/www.europesays.com\/ee\/wp-json\/wp\/v2\/comments?post=245877"}],"version-history":[{"count":0,"href":"https:\/\/www.europesays.com\/ee\/wp-json\/wp\/v2\/posts\/245877\/revisions"}],"wp:featuredmedia":[{"embeddable":true,"href":"https:\/\/www.europesays.com\/ee\/wp-json\/wp\/v2\/media\/245878"}],"wp:attachment":[{"href":"https:\/\/www.europesays.com\/ee\/wp-json\/wp\/v2\/media?parent=245877"}],"wp:term":[{"taxonomy":"category","embeddable":true,"href":"https:\/\/www.europesays.com\/ee\/wp-json\/wp\/v2\/categories?post=245877"},{"taxonomy":"post_tag","embeddable":true,"href":"https:\/\/www.europesays.com\/ee\/wp-json\/wp\/v2\/tags?post=245877"}],"curies":[{"name":"wp","href":"https:\/\/api.w.org\/{rel}","templated":true}]}}