{"id":245899,"date":"2026-08-06T15:36:15","date_gmt":"2026-08-06T15:36:15","guid":{"rendered":"https:\/\/www.europesays.com\/ee\/245899\/"},"modified":"2026-08-06T15:36:15","modified_gmt":"2026-08-06T15:36:15","slug":"saaremaal-algasid-rahvusvahelise-mangufilmi-kari-votted-film","status":"publish","type":"post","link":"https:\/\/www.europesays.com\/ee\/245899\/","title":{"rendered":"Saaremaal algasid rahvusvahelise m\u00e4ngufilmi &#8220;Kari&#8221; v\u00f5tted | Film"},"content":{"rendered":"<p>3. augustil algasid Saaremaal Saksa-Eesti-Soome koost\u00f6\u00f6s valmiva m\u00e4ngufilmi &#8220;Kari&#8221; v\u00f5tted, kus teevad kaasa ka noored Eesti n\u00e4itlejad ning suurem osa v\u00f5ttemeeskonnast koosneb Eesti filmiprofessionaalidest.<\/p>\n<p>&#8220;Kari&#8221; on salap\u00e4rane seiklusfilm \u00f5est ja vennast Kathist ja Mikast, kes s\u00f5idavad koos emaga suvepuhkusele kunagisse rannikulaagrisse. Peagi avastavad nad rannast metsiku noortej\u00f5ugu, mille liikmed kutsuvad end Vrakkideks, ning salap\u00e4rase mahaj\u00e4etud hotelli. Mida s\u00fcgavamale lapsed paiga saladustesse j\u00f5uavad, seda enam hakkavad h\u00e4gustuma piirid mineviku ja oleviku, m\u00e4lu ja unustuse ning elavate ja surnute maailma vahel.<\/p>\n<p>Film p\u00f5hineb Soome kirjaniku\u00a0Seita Vuorela\u00a0tunnustatud romaanil &#8220;Karikko&#8221;, mis p\u00e4lvis 2013. aastal P\u00f5hjamaade N\u00f5ukogu laste- ja noortekirjanduse auhinna. Filmi stsenaariumi on kirjutanud\u00a0Jytte-Merle B\u00f6hrnsen.<\/p>\n<p>Austraalias s\u00fcndinud re\u017eiss\u00f6\u00f6r\u00a0Phillip Donnelloni\u00a0p\u00e4lvis rahvusvahelist t\u00e4helepanu l\u00fchifilmiga\u00a0&#8220;Bird in the Wire&#8221;, mis valiti 2001. aastal Cannes&#8217;i filmifestivali v\u00f5istlusprogrammi. M\u00e4ngufilm &#8220;Kari&#8221; on tema esimene t\u00e4ispikk m\u00e4ngufilm.<\/p>\n<p>Donnelloni\u00a0s\u00f5nul soovitati tal esialgu Saaremaal filmimisest loobuda, sest see olevat v\u00f5ttepaigana liiga kauge.<\/p>\n<p>&#8220;Olen ise p\u00e4rit veelgi kaugemalt saarelt Austraaliast, mist\u00f5ttu mul \u00f5nnestus produtsente veenda siin ringi vaatama. Kui v\u00f5imalikke v\u00f5ttepaiku avastasime, valdas mind tohutu r\u00f5\u00f5m \u2013 sain kohe aru, et Saaremaa peidab endas t\u00f5elisi aardeid. Filmi lugu avaneb v\u00e4ga erilises rannikulaagris, mis peab m\u00f5juma korraga seiklusliku looduspargina ja ka merega tihedalt seotud paigana. M\u00e4ndjala k\u00e4mping, Panga pank ja \u00fcmberkaudsed rannad sobisid meie filmi jaoks ideaalselt,&#8221; r\u00e4\u00e4kis Donnellon.<\/p>\n<p>Stellar Filmi produtsent\u00a0Evelin Penttil\u00e4\u00a0s\u00f5nul on &#8220;Kari&#8221; eriline film noortele ja lastele, milles seikluslikkus ja p\u00f5nevus on \u00fchendatud looga leinast.<\/p>\n<p>&#8220;Produtsendina k\u00f5netas mind eriti see, et film ei alahinda noort vaatajat, vaid r\u00e4\u00e4gib keerulistest tunnetest julgelt, visuaalselt ja haaravalt. Mul on v\u00e4ga hea meel, et selle loomisesse panustab nii palju Eesti filmitegijaid ja noori n\u00e4itlejaid,&#8221; lisas Penttil\u00e4.<\/p>\n<p>Filmis kehastab Kathi ja Mika ema Saksa n\u00e4itleja\u00a0Nora Tschirner, noori peaosalisi m\u00e4ngivad\u00a0Leo Humphreys, Esme Hobson\u00a0ja\u00a0Lovena B\u00f6rschmann Ziegler. Eesti noortest n\u00e4itlejatest teevad filmis kaasa\u00a0Derek Leheste, Torm Laos, Karl Jakob Moora, Alen Aiden Mathieson, Hugo Gorski, Mia Mahala M\u00e4e\u00a0ja\u00a0Aimei Zuo.<\/p>\n<p>Filmi kunstnik on\u00a0Armin Kohlman, grimmikunstnik\u00a0Merlit Veldi ja tegevprodutsent\u00a0Eva-Kristina Mill. Filmi produtsendid on\u00a0Daniel Ehrenberg\u00a0ja\u00a0Christine Rau\u00a0produktsioonifirmast Eyrie Entertainment Saksamaal,\u00a0Evelin Penttil\u00e4\u00a0ja\u00a0Johanna Maria Tamm\u00a0produktsioonifirmast Stellar Film Eestis ning\u00a0Oskari Huttu\u00a0ja\u00a0John Lundsten\u00a0produktsioonifirmast Tack Films Soomes.<\/p>\n<p>V\u00f5tted Eestis kestavad 9. septembrini.<\/p>\n","protected":false},"excerpt":{"rendered":"3. augustil algasid Saaremaal Saksa-Eesti-Soome koost\u00f6\u00f6s valmiva m\u00e4ngufilmi &#8220;Kari&#8221; v\u00f5tted, kus teevad kaasa ka noored Eesti n\u00e4itlejad ning&hellip;\n","protected":false},"author":2,"featured_media":245900,"comment_status":"","ping_status":"","sticky":false,"template":"","format":"standard","meta":{"footnotes":"","_share_on_mastodon":"0"},"categories":[12],"tags":[26,27,37,33,35,34,36,31,32,21,5481,28,29,19,25,52571,23,24,22,20,30],"class_list":["post-245899","post","type-post","status-publish","format-standard","has-post-thumbnail","category-eesti","tag-breaking-news","tag-breakingnews","tag-ee","tag-eesti","tag-eesti-keel","tag-estonia","tag-estonian","tag-featured-news","tag-featurednews","tag-headlines","tag-kari","tag-latest-news","tag-latestnews","tag-news","tag-populaarseimad-lood","tag-stellar-film","tag-top-stories","tag-topstories","tag-uldised-uudised","tag-uudised","tag-viimased-uudised"],"share_on_mastodon":{"url":"https:\/\/pubeurope.com\/@ee\/117049307129438272","error":""},"_links":{"self":[{"href":"https:\/\/www.europesays.com\/ee\/wp-json\/wp\/v2\/posts\/245899","targetHints":{"allow":["GET"]}}],"collection":[{"href":"https:\/\/www.europesays.com\/ee\/wp-json\/wp\/v2\/posts"}],"about":[{"href":"https:\/\/www.europesays.com\/ee\/wp-json\/wp\/v2\/types\/post"}],"author":[{"embeddable":true,"href":"https:\/\/www.europesays.com\/ee\/wp-json\/wp\/v2\/users\/2"}],"replies":[{"embeddable":true,"href":"https:\/\/www.europesays.com\/ee\/wp-json\/wp\/v2\/comments?post=245899"}],"version-history":[{"count":0,"href":"https:\/\/www.europesays.com\/ee\/wp-json\/wp\/v2\/posts\/245899\/revisions"}],"wp:featuredmedia":[{"embeddable":true,"href":"https:\/\/www.europesays.com\/ee\/wp-json\/wp\/v2\/media\/245900"}],"wp:attachment":[{"href":"https:\/\/www.europesays.com\/ee\/wp-json\/wp\/v2\/media?parent=245899"}],"wp:term":[{"taxonomy":"category","embeddable":true,"href":"https:\/\/www.europesays.com\/ee\/wp-json\/wp\/v2\/categories?post=245899"},{"taxonomy":"post_tag","embeddable":true,"href":"https:\/\/www.europesays.com\/ee\/wp-json\/wp\/v2\/tags?post=245899"}],"curies":[{"name":"wp","href":"https:\/\/api.w.org\/{rel}","templated":true}]}}