{"id":245957,"date":"2026-08-06T17:02:08","date_gmt":"2026-08-06T17:02:08","guid":{"rendered":"https:\/\/www.europesays.com\/ee\/245957\/"},"modified":"2026-08-06T17:02:08","modified_gmt":"2026-08-06T17:02:08","slug":"turgi-miljonid-meelitavad-tahti-salah-teenib-rohkem-kui-enamik-inglismaa-korgliiga-mangijaid","status":"publish","type":"post","link":"https:\/\/www.europesays.com\/ee\/245957\/","title":{"rendered":"T\u00fcrgi miljonid meelitavad t\u00e4hti: Salah teenib rohkem kui enamik Inglismaa k\u00f5rgliiga m\u00e4ngijaid"},"content":{"rendered":"<p class=\"isSelectedEnd\">\u00dcheks v\u00e4rskeimaks n\u00e4iteks on Egiptuse jalgpallit\u00e4ht Mohamed Salah, kes l\u00f5petas eduka perioodi Liverpoolis ning liitus T\u00fcrgi k\u00f5rgliigaklubi Trabzonsporiga. 34-aastane r\u00fcndaja s\u00f5lmis uue koduklubiga kaheaastase lepingu ning hakkab erinevate hinnangute j\u00e4rgi teenima umbes 21,25 miljonit eurot aastas. K\u00f5ik loos toodud palganumbrid on hinnangulised brutosummad ehk enne maksude mahaarvamist.<\/p>\n","protected":false},"excerpt":{"rendered":"\u00dcheks v\u00e4rskeimaks n\u00e4iteks on Egiptuse jalgpallit\u00e4ht Mohamed Salah, kes l\u00f5petas eduka perioodi Liverpoolis ning liitus T\u00fcrgi k\u00f5rgliigaklubi Trabzonsporiga.&hellip;\n","protected":false},"author":2,"featured_media":245958,"comment_status":"","ping_status":"","sticky":false,"template":"","format":"standard","meta":{"footnotes":"","_share_on_mastodon":"0"},"categories":[18],"tags":[37,33,35,34,36,16869,6430,97176,9605,159,158,96703,11795,6433],"class_list":["post-245957","post","type-post","status-publish","format-standard","has-post-thumbnail","category-sport","tag-ee","tag-eesti","tag-eesti-keel","tag-estonia","tag-estonian","tag-fenerbahce","tag-galatasaray","tag-mangijate-palgad","tag-mohamed-salah","tag-sport","tag-sports","tag-trabzonspor","tag-turgi-korgliiga","tag-victor-osimhen"],"share_on_mastodon":{"url":"https:\/\/pubeurope.com\/@ee\/117049645258971178","error":""},"_links":{"self":[{"href":"https:\/\/www.europesays.com\/ee\/wp-json\/wp\/v2\/posts\/245957","targetHints":{"allow":["GET"]}}],"collection":[{"href":"https:\/\/www.europesays.com\/ee\/wp-json\/wp\/v2\/posts"}],"about":[{"href":"https:\/\/www.europesays.com\/ee\/wp-json\/wp\/v2\/types\/post"}],"author":[{"embeddable":true,"href":"https:\/\/www.europesays.com\/ee\/wp-json\/wp\/v2\/users\/2"}],"replies":[{"embeddable":true,"href":"https:\/\/www.europesays.com\/ee\/wp-json\/wp\/v2\/comments?post=245957"}],"version-history":[{"count":0,"href":"https:\/\/www.europesays.com\/ee\/wp-json\/wp\/v2\/posts\/245957\/revisions"}],"wp:featuredmedia":[{"embeddable":true,"href":"https:\/\/www.europesays.com\/ee\/wp-json\/wp\/v2\/media\/245958"}],"wp:attachment":[{"href":"https:\/\/www.europesays.com\/ee\/wp-json\/wp\/v2\/media?parent=245957"}],"wp:term":[{"taxonomy":"category","embeddable":true,"href":"https:\/\/www.europesays.com\/ee\/wp-json\/wp\/v2\/categories?post=245957"},{"taxonomy":"post_tag","embeddable":true,"href":"https:\/\/www.europesays.com\/ee\/wp-json\/wp\/v2\/tags?post=245957"}],"curies":[{"name":"wp","href":"https:\/\/api.w.org\/{rel}","templated":true}]}}