{"id":245971,"date":"2026-08-06T17:23:09","date_gmt":"2026-08-06T17:23:09","guid":{"rendered":"https:\/\/www.europesays.com\/ee\/245971\/"},"modified":"2026-08-06T17:23:09","modified_gmt":"2026-08-06T17:23:09","slug":"otsefotod-eestlased-kogunevad-riiga-calvin-harrise-kontserdile-kohal-on-suur-hulk-eesti-staare","status":"publish","type":"post","link":"https:\/\/www.europesays.com\/ee\/245971\/","title":{"rendered":"OTSEFOTOD | Eestlased kogunevad Riiga Calvin Harrise kontserdile. Kohal on suur hulk Eesti staare"},"content":{"rendered":"<p>Calvin Harris on l\u00e4bi aegade \u00fcks k\u00f5ige edukamaid DJsid ja produtsente. Tema globaalsete hittide hulka kuuluvad n\u00e4iteks \u201eSummer\u201c, \u201eFeel So Close\u201c, \u201eOne Kiss\u201c, \u201eHow Deep Is Your Love\u201c ja \u201eMiracle\u201c, mis k\u00f5ik on rahvusvaheliselt edetabelite tippudesse j\u00f5udnud. Tema liveshow\u2019d on alati v\u00e4gevad ning visuaalselt maailmaklassi parimad, mille t\u00f5ttu k\u00fcmned tuhanded teda alati festivalidel ja ava\u00f5hukontsertidel f\u00e4nnavad.<\/p>\n<p>Sel suvel esineb Calvin Harris mitmel olulisel Euroopa muusika\u00fcritusel ning j\u00f5uab uuesti ka Ibizale, kus hoolitseb unikaalse vaba\u00f5huklubi Ushua\u00efa Ibiza muusikavaibi eest. Eelmisel suvel t\u00e4hendas tema sealviibimine, et klubist sai Euroopa elektroonilise muusika epitsenter, kuhu kogunesid f\u00e4nnid \u00fcle kogu maailma. Harris on ainus artist maailmas, kes on kaks korda n\u00e4dalas selles klubis regulaarselt \u00fcles astunud, mis on pretsedenditu saavutus, kuid on oluliselt Ibiza klubiskeenet m\u00f5jutanud.<\/p>\n<p><a href=\"https:\/\/kroonika.delfi.ee\/artikkel\/120602134\/otsefotod-eestlased-kogunevad-riiga-calvin-harrise-kontserdile-kohal-on-suur-hulk-eesti-staare\/kommentaarid\" class=\"button button--primary button--size-auto article-body-bottom__comment article-body-bottom__comment--write\" style=\"\" rel=\"nofollow noopener\" target=\"_blank\">Kommenteeri<\/a><a href=\"https:\/\/kroonika.delfi.ee\/artikkel\/120602134\/otsefotod-eestlased-kogunevad-riiga-calvin-harrise-kontserdile-kohal-on-suur-hulk-eesti-staare\/kommentaarid\" class=\"button button--size-auto article-body-bottom__comment article-body-bottom__comment--read\" style=\"\" rel=\"nofollow noopener\" target=\"_blank\">Loe kommentaare (6)<\/a><\/p>\n","protected":false},"excerpt":{"rendered":"Calvin Harris on l\u00e4bi aegade \u00fcks k\u00f5ige edukamaid DJsid ja produtsente. Tema globaalsete hittide hulka kuuluvad n\u00e4iteks \u201eSummer\u201c,&hellip;\n","protected":false},"author":2,"featured_media":245972,"comment_status":"","ping_status":"","sticky":false,"template":"","format":"standard","meta":{"footnotes":"","_share_on_mastodon":"0"},"categories":[16],"tags":[696,37,33,35,173,34,36,140,96587],"class_list":["post-245971","post","type-post","status-publish","format-standard","has-post-thumbnail","category-meelelahutus","tag-calvin-harris","tag-ee","tag-eesti","tag-eesti-keel","tag-entertainment","tag-estonia","tag-estonian","tag-meelelahutus","tag-syn-cole"],"share_on_mastodon":{"url":"https:\/\/pubeurope.com\/@ee\/117049727630930431","error":""},"_links":{"self":[{"href":"https:\/\/www.europesays.com\/ee\/wp-json\/wp\/v2\/posts\/245971","targetHints":{"allow":["GET"]}}],"collection":[{"href":"https:\/\/www.europesays.com\/ee\/wp-json\/wp\/v2\/posts"}],"about":[{"href":"https:\/\/www.europesays.com\/ee\/wp-json\/wp\/v2\/types\/post"}],"author":[{"embeddable":true,"href":"https:\/\/www.europesays.com\/ee\/wp-json\/wp\/v2\/users\/2"}],"replies":[{"embeddable":true,"href":"https:\/\/www.europesays.com\/ee\/wp-json\/wp\/v2\/comments?post=245971"}],"version-history":[{"count":0,"href":"https:\/\/www.europesays.com\/ee\/wp-json\/wp\/v2\/posts\/245971\/revisions"}],"wp:featuredmedia":[{"embeddable":true,"href":"https:\/\/www.europesays.com\/ee\/wp-json\/wp\/v2\/media\/245972"}],"wp:attachment":[{"href":"https:\/\/www.europesays.com\/ee\/wp-json\/wp\/v2\/media?parent=245971"}],"wp:term":[{"taxonomy":"category","embeddable":true,"href":"https:\/\/www.europesays.com\/ee\/wp-json\/wp\/v2\/categories?post=245971"},{"taxonomy":"post_tag","embeddable":true,"href":"https:\/\/www.europesays.com\/ee\/wp-json\/wp\/v2\/tags?post=245971"}],"curies":[{"name":"wp","href":"https:\/\/api.w.org\/{rel}","templated":true}]}}