{"id":246025,"date":"2026-08-06T18:30:09","date_gmt":"2026-08-06T18:30:09","guid":{"rendered":"https:\/\/www.europesays.com\/ee\/246025\/"},"modified":"2026-08-06T18:30:09","modified_gmt":"2026-08-06T18:30:09","slug":"netirahvas-kritiseerib-anu-valbast-tehtud-reklaamplakatit-kas-kontserdisari-toimub-mingi-teise-anuga","status":"publish","type":"post","link":"https:\/\/www.europesays.com\/ee\/246025\/","title":{"rendered":"Netirahvas kritiseerib Anu V\u00e4lbast tehtud reklaamplakatit: kas kontserdisari toimub mingi teise Anuga?"},"content":{"rendered":"<p>T\u00e4navu suvel sai alguse kontserdisari \u201e\u00d5htud Anuga\u201c, mis t\u00f5i 20. juulist 2. augustini looduskaunites Eesti paikades kokku Anu V\u00e4lba ja kodumaise muusikaparemiku.<\/p>\n<p>Lavale j\u00f5udis uus formaat, mis \u00fchendas muusika ja s\u00f5na, kontserts\u00f5u ja talk-s\u00f5u ning andis publikule v\u00f5imaluse interaktiivselt kaasa l\u00fc\u00fca.<\/p>\n<p>Kontserdisari osutus niiv\u00f5rd populaarseks, et korraldajad otsustasid teha taolise \u00fcrituse ka j\u00e4rgmisel aastal. Nimelt kohtub Anu V\u00e4lba looduskaunites Eesti paikades artistide ja publikuga taas tuleva aasta 20. juulist 5. augustini.<\/p>\n<p>\u00dcritusekorraldajad on teinud eesootavast \u00fcritusest ka reklaamplakati, mis on pannud nii m\u00f5negi inimese kukalt kratsima, sest Anu V\u00e4lba n\u00e4gu on AI-ga genereeritud.<\/p>\n<p><img decoding=\"async\" src=\"https:\/\/www.europesays.com\/ee\/wp-content\/uploads\/2026\/08\/d25f0fbe-b0ae-4134-a75b-4dc1d913b877.jpg\" loading=\"lazy\" alt=\"Anu V\u00e4lba uue kontserdisarja reklaamplakat\"\/><\/p>\n<p>T\u00e4na l\u00e4ks platvormil <a rel=\"noopener follow nofollow\" target=\"_blank\" href=\"https:\/\/www.threads.com\/@maeraemae\/post\/DbsIX2WDBRd?xmt=AQG0szg_DSb0f5H5vYGNDpRyGYT6I0t6QyFQaFHBZx9cvA\" data-rel-date-range=\"[]\">Threads <\/a>k\u00e4ima aktiivne arutelu, kus kurdetakse, et reklaamplakatil on tegemist t\u00e4iesti v\u00f5\u00f5ra inimesega. \u201eKas j\u00e4rgmine aasta toimub \u201e\u00d5htud Anuga\u201c kontserdisari mingi teise Anuga?\u201c k\u00fcsib \u00fcks kasutaja \u00fcllatunult. \u201eKahjuks on nii palju AI s\u00fcndmuse plakateid, kus artistide n\u00e4od on \u00e4ra muudetud ning t\u00e4iesti v\u00f5\u00f5rad. Mina esinejana ei lubaks end sellise plakatiga reklaamida,\u201c lisab kasutaja.<\/p>\n<p>\u201eJ\u00e4llegi mingi AI plakat \u2013 sorry, pigem pl\u00f6kat, millel kujutatul pole peale prillide vist mingitki sarnasust Anuga,\u201c kurdab teinegi.<\/p>\n<p>\u201eETV-l pole Anust ainsamatki fotot tehtud nende pikkade aastate jooksul?\u201c ei m\u00f5ista veel \u00fcks kasutaja. \u201eIssand, see on kole ju!\u201c kirjutab neljaski kasutaja.<\/p>\n<p>Kuidas see lugu Sind end tundma pani?Saada<a href=\"https:\/\/kroonika.delfi.ee\/artikkel\/120602120\/netirahvas-kritiseerib-anu-valbast-tehtud-reklaamplakatit-kas-kontserdisari-toimub-mingi-teise-anuga\/kommentaarid\" class=\"button button--primary button--size-auto article-body-bottom__comment article-body-bottom__comment--write\" style=\"\" rel=\"nofollow noopener\" target=\"_blank\">Kommenteeri<\/a><a href=\"https:\/\/kroonika.delfi.ee\/artikkel\/120602120\/netirahvas-kritiseerib-anu-valbast-tehtud-reklaamplakatit-kas-kontserdisari-toimub-mingi-teise-anuga\/kommentaarid\" class=\"button button--size-auto article-body-bottom__comment article-body-bottom__comment--read\" style=\"\" rel=\"nofollow noopener\" target=\"_blank\">Loe kommentaare (7)<\/a><\/p>\n","protected":false},"excerpt":{"rendered":"T\u00e4navu suvel sai alguse kontserdisari \u201e\u00d5htud Anuga\u201c, mis t\u00f5i 20. juulist 2. augustini looduskaunites Eesti paikades kokku Anu&hellip;\n","protected":false},"author":2,"featured_media":246026,"comment_status":"","ping_status":"","sticky":false,"template":"","format":"standard","meta":{"footnotes":"","_share_on_mastodon":"0"},"categories":[16],"tags":[1388,37,33,35,173,34,36,140],"class_list":["post-246025","post","type-post","status-publish","format-standard","has-post-thumbnail","category-meelelahutus","tag-anu-valba","tag-ee","tag-eesti","tag-eesti-keel","tag-entertainment","tag-estonia","tag-estonian","tag-meelelahutus"],"share_on_mastodon":{"url":"https:\/\/pubeurope.com\/@ee\/117049991644006719","error":""},"_links":{"self":[{"href":"https:\/\/www.europesays.com\/ee\/wp-json\/wp\/v2\/posts\/246025","targetHints":{"allow":["GET"]}}],"collection":[{"href":"https:\/\/www.europesays.com\/ee\/wp-json\/wp\/v2\/posts"}],"about":[{"href":"https:\/\/www.europesays.com\/ee\/wp-json\/wp\/v2\/types\/post"}],"author":[{"embeddable":true,"href":"https:\/\/www.europesays.com\/ee\/wp-json\/wp\/v2\/users\/2"}],"replies":[{"embeddable":true,"href":"https:\/\/www.europesays.com\/ee\/wp-json\/wp\/v2\/comments?post=246025"}],"version-history":[{"count":0,"href":"https:\/\/www.europesays.com\/ee\/wp-json\/wp\/v2\/posts\/246025\/revisions"}],"wp:featuredmedia":[{"embeddable":true,"href":"https:\/\/www.europesays.com\/ee\/wp-json\/wp\/v2\/media\/246026"}],"wp:attachment":[{"href":"https:\/\/www.europesays.com\/ee\/wp-json\/wp\/v2\/media?parent=246025"}],"wp:term":[{"taxonomy":"category","embeddable":true,"href":"https:\/\/www.europesays.com\/ee\/wp-json\/wp\/v2\/categories?post=246025"},{"taxonomy":"post_tag","embeddable":true,"href":"https:\/\/www.europesays.com\/ee\/wp-json\/wp\/v2\/tags?post=246025"}],"curies":[{"name":"wp","href":"https:\/\/api.w.org\/{rel}","templated":true}]}}