{"id":246151,"date":"2026-08-06T21:29:07","date_gmt":"2026-08-06T21:29:07","guid":{"rendered":"https:\/\/www.europesays.com\/ee\/246151\/"},"modified":"2026-08-06T21:29:07","modified_gmt":"2026-08-06T21:29:07","slug":"poolas-kaalutakse-voimalust-tulistada-vene-rakette-alla-ukraina-kohal-maailm-postimees-ee","status":"publish","type":"post","link":"https:\/\/www.europesays.com\/ee\/246151\/","title":{"rendered":"Poolas kaalutakse v\u00f5imalust tulistada Vene rakette alla Ukraina kohal &#8211; Maailm &#8211; Postimees.ee"},"content":{"rendered":"<ol>\n<li><a href=\"https:\/\/news.google.com\/rss\/articles\/CBMiqAFBVV95cUxQaVVrb2poOWJsYkdyNGR1d3k3ek5EaE9NQ2hhZDk1LWxKX2xRd2E0cEF1RXNDMzQ0dGNvTWRucFY0MHpEOG5rTXdJZWRPVFFlakdHNnVNcG80RVNqRlFJc3U1TTVOaHJ2bkZxTHNxRk1NY083YnBBbWdSRDFtTHdqeHR0SWpwc3k4bDRtMXptTTZrM0x3elJHM2JKdFc5dUxmTWtDSHZMdzk?oc=5\" target=\"_blank\" rel=\"nofollow noopener\">Poolas kaalutakse v\u00f5imalust tulistada Vene rakette alla Ukraina kohal<\/a>&nbsp;&nbsp;Maailm &#8211; Postimees.ee<\/li>\n<li><a href=\"https:\/\/news.google.com\/rss\/articles\/CBMiggFBVV95cUxPVGZ5MHRUdHFSYXF6cVpfNk5lTjRNWjU0Nkhwc2lxUDNvUUFTY1phWUdzcG82dXNXXzVSTHhNUDdiVWVSNnk2RmEwYk9OVmFJdVYzOGNJNlBpVkpqVWNITXg5ek1PQ0ZfeVFjbk1YQkZQNkJ5b241OWFzQ2I3Mm1zaVBR?oc=5\" target=\"_blank\" rel=\"nofollow noopener\">Vene rakett v\u00f5is kukkuda Poola territooriumile<\/a>&nbsp;&nbsp;ERR<\/li>\n<li><a href=\"https:\/\/news.google.com\/rss\/articles\/CBMimgFBVV95cUxNQU9zQjRyMzhXaTk4SE8zWUk2RWNCcWpidmZoendmRWhJZzVRdXpFcTNRNHNhTEI1Y0xtdTFpWmFRVnMzRTlmZWNORzdoazdaS00tOEp2d3lYbzg5QW5sWXNnTjVobjdEUFdoLUpmLUtiNFJqaUxod1BqYXlJRk5zUDFra3FjRFp6UGRwRXNnWkpORHFZNmRUaWhn?oc=5\" target=\"_blank\" rel=\"nofollow noopener\">Poola kaalub Ukrainale t\u00e4iendavate Patrioti rakettide andmist<\/a>&nbsp;&nbsp;Postimees<\/li>\n<li><a href=\"https:\/\/news.google.com\/rss\/articles\/CBMiywFBVV95cUxQaC14a01Fdnh3QWlEUzZOS2N4VWx6MjdoamE0a0JSWmRzQnRSLTBaNlh3aXdqSnBzTXZTX05Zd3Zqd0dlV01aTk9ub29yRWZuOTU3LUNsRG1sZFpKOWhaSmFBMkYxSnFudG9hbWxnYTFPdmU4bktLbEY3UWNsNVEzX3Jqc2hiRV83N1JFbnVtOU1YakNpeHk5c3JNZGxrYjZlQm1JNDdsLURYXzlXd1J4U2Q0N1lHMUIzb28tOGNLRFdrN2lsR0trUDlGcw?oc=5\" target=\"_blank\" rel=\"nofollow noopener\">Poola relvaj\u00f5udude teatel j\u00e4rgnes Vene raketi Lublini l\u00e4hedale kukkumisele tugev infor\u00fcnnak<\/a>&nbsp;&nbsp;Delfi<\/li>\n<li><a href=\"https:\/\/news.google.com\/rss\/articles\/CBMi7AFBVV95cUxOR3lOMU9pZEJfdC1qdnJ5REtqVWsteXBnU3R5OWdFYV9rZE12aHNrazhJV0ZMSE5UWUtWYUVyUGhwT09USlZKcUtOQkJpR0d4aWZ5UmVYVG9oZXpmQUhpR2VkU2NLVU1xWWhnNjZnY1d6STV2S3hkQklPSUc0TDZoNGpGcVRJZ2NFLVN2VnE5d1hEU2poN0xoR1FaN0FaamNGVkpiMU1Eb1puQjNveDd0d1FwejVCQXZGS0QtMFNkYzk1MUFZT3JnTzdxM3ltWWdwMXdKNHJTT3d3MVRwenlyVUFYUHI5djU1UlFDTg?oc=5\" target=\"_blank\" rel=\"nofollow noopener\">RAINER SAKS \u27e9 Millised on vastusammud? Poola territooriumile lennanud Vene rakett \u00e4ratas USA t\u00e4helepanu<\/a>&nbsp;&nbsp;Inbox.eu<\/li>\n<\/ol>\n","protected":false},"excerpt":{"rendered":"Poolas kaalutakse v\u00f5imalust tulistada Vene rakette alla Ukraina kohal&nbsp;&nbsp;Maailm &#8211; Postimees.ee Vene rakett v\u00f5is kukkuda Poola territooriumile&nbsp;&nbsp;ERR Poola&hellip;\n","protected":false},"author":2,"featured_media":246152,"comment_status":"","ping_status":"","sticky":false,"template":"","format":"standard","meta":{"footnotes":"","_share_on_mastodon":"0"},"categories":[80],"tags":[26,27,37,33,35,34,36,31,32,21,28,29,95,19,111,25,7549,23,24,262,22,20,30,92,93,94],"class_list":["post-246151","post","type-post","status-publish","format-standard","has-post-thumbnail","category-maailm","tag-breaking-news","tag-breakingnews","tag-ee","tag-eesti","tag-eesti-keel","tag-estonia","tag-estonian","tag-featured-news","tag-featurednews","tag-headlines","tag-latest-news","tag-latestnews","tag-maailm","tag-news","tag-poola","tag-populaarseimad-lood","tag-raketid","tag-top-stories","tag-topstories","tag-ukraina","tag-uldised-uudised","tag-uudised","tag-viimased-uudised","tag-world","tag-world-news","tag-worldnews"],"share_on_mastodon":{"url":"https:\/\/pubeurope.com\/@ee\/117050695143127951","error":""},"_links":{"self":[{"href":"https:\/\/www.europesays.com\/ee\/wp-json\/wp\/v2\/posts\/246151","targetHints":{"allow":["GET"]}}],"collection":[{"href":"https:\/\/www.europesays.com\/ee\/wp-json\/wp\/v2\/posts"}],"about":[{"href":"https:\/\/www.europesays.com\/ee\/wp-json\/wp\/v2\/types\/post"}],"author":[{"embeddable":true,"href":"https:\/\/www.europesays.com\/ee\/wp-json\/wp\/v2\/users\/2"}],"replies":[{"embeddable":true,"href":"https:\/\/www.europesays.com\/ee\/wp-json\/wp\/v2\/comments?post=246151"}],"version-history":[{"count":0,"href":"https:\/\/www.europesays.com\/ee\/wp-json\/wp\/v2\/posts\/246151\/revisions"}],"wp:featuredmedia":[{"embeddable":true,"href":"https:\/\/www.europesays.com\/ee\/wp-json\/wp\/v2\/media\/246152"}],"wp:attachment":[{"href":"https:\/\/www.europesays.com\/ee\/wp-json\/wp\/v2\/media?parent=246151"}],"wp:term":[{"taxonomy":"category","embeddable":true,"href":"https:\/\/www.europesays.com\/ee\/wp-json\/wp\/v2\/categories?post=246151"},{"taxonomy":"post_tag","embeddable":true,"href":"https:\/\/www.europesays.com\/ee\/wp-json\/wp\/v2\/tags?post=246151"}],"curies":[{"name":"wp","href":"https:\/\/api.w.org\/{rel}","templated":true}]}}