{"id":246155,"date":"2026-08-06T21:37:14","date_gmt":"2026-08-06T21:37:14","guid":{"rendered":"https:\/\/www.europesays.com\/ee\/246155\/"},"modified":"2026-08-06T21:37:14","modified_gmt":"2026-08-06T21:37:14","slug":"rahvusvaheline-seiklusfilm-kari-toob-saaremaale-noorte-musteeriumi","status":"publish","type":"post","link":"https:\/\/www.europesays.com\/ee\/246155\/","title":{"rendered":"Rahvusvaheline seiklusfilm &#8216;Kari&#8217; toob Saaremaale noorte m\u00fcsteeriumi"},"content":{"rendered":"<p class=\"text-muted-foreground text-[15px] leading-relaxed\">Saaremaal algasid Saksa-Eesti-Soome koost\u00f6\u00f6filmi &#8216;Kari&#8217; v\u00f5tted, mis toovad ekraanile Seita Vuorela auhinnatud romaani p\u00f5hjal valmiva noortele suunatud m\u00fcsteeriumi.<\/p>\n<p><a class=\"border-border\/60 hover:border-foreground\/30 focus-visible:ring-foreground\/30 mt-3 flex items-center justify-between gap-3 border px-3 py-2 font-mono text-[10px] font-medium uppercase tracking-wide transition-colors duration-150 focus-visible:outline-none focus-visible:ring-2\" data-sentry-element=\"Link\" data-sentry-component=\"StoryCirculationTeaser\" data-sentry-source-file=\"StoryCirculation.tsx\" href=\"https:\/\/shortl.ee\/et\/estonia\" rel=\"nofollow noopener\" target=\"_blank\">T\u00c4NA \u00b7 14 LUGUVaata \u00fcle<\/a><\/p>\n<ul class=\"space-y-3 text-[15px] leading-relaxed\">\n<li class=\"flex gap-3\">\u2014Saksa-Eesti-Soome koost\u00f6\u00f6filmi &#8216;Kari&#8217; v\u00f5tted, mis p\u00f5hineb Seita Vuorela romaanil &#8216;Karikko&#8217;, on alanud Eesti Saaremaal.<\/li>\n<li class=\"flex gap-3\">\u2014Re\u017eiss\u00f6\u00f6r Phillip Donnelloni film keskendub \u00f5dede-vendadele Kathile ja Mikale, kes avastavad suvepuhkuse ajal salap\u00e4rase mahaj\u00e4etud hotelli ja noortegrupi nimega &#8216;Vrakid&#8217;, h\u00e4gustades piire mineviku ja oleviku, m\u00e4lu ja unustuse ning elavate ja surnute vahel.<\/li>\n<li class=\"flex gap-3\">\u2014Eesti filmitegijad ja noored n\u00e4itlejad on tootmisse oluliselt kaasatud, Stellar Filmi produtsent Evelin Penttil\u00e4 r\u00f5hutab filmi julget ja kaasahaaravat keeruliste emotsioonide kujutamist noortele vaatajatele.<\/li>\n<li class=\"flex gap-3\">\u2014Tootmine kasutab Saaremaa erinevaid asukohti, sealhulgas M\u00e4ndjala k\u00e4mpingut, Panga panka ja \u00fcmbritsevaid randu, v\u00f5tted Eestis peaksid l\u00f5ppema 9. septembril.<\/li>\n<li class=\"flex gap-3\">\u2014Peamiste osat\u00e4itjate hulgas on Saksa n\u00e4itleja Nora Tschirner ema rollis ning noored n\u00e4itlejad Leo Humphreys, Esme Hobson ja Lovena B\u00f6rschmann Ziegler peaosas, lisaks hulk Eesti noori n\u00e4itlejaid.<\/li>\n<\/ul>\n","protected":false},"excerpt":{"rendered":"Saaremaal algasid Saksa-Eesti-Soome koost\u00f6\u00f6filmi &#8216;Kari&#8217; v\u00f5tted, mis toovad ekraanile Seita Vuorela auhinnatud romaani p\u00f5hjal valmiva noortele suunatud m\u00fcsteeriumi.&hellip;\n","protected":false},"author":2,"featured_media":246156,"comment_status":"","ping_status":"","sticky":false,"template":"","format":"standard","meta":{"footnotes":"","_share_on_mastodon":"0"},"categories":[16],"tags":[37,33,35,173,34,36,208,31388,11001,176,140,97227,948,7735,97226,113],"class_list":["post-246155","post","type-post","status-publish","format-standard","has-post-thumbnail","category-meelelahutus","tag-ee","tag-eesti","tag-eesti-keel","tag-entertainment","tag-estonia","tag-estonian","tag-film","tag-filmitoostus","tag-koostoo","tag-kultuur","tag-meelelahutus","tag-noortefilm","tag-saaremaa","tag-saksa","tag-seiklusfilm","tag-soome"],"share_on_mastodon":{"url":"https:\/\/pubeurope.com\/@ee\/117050726639374092","error":""},"_links":{"self":[{"href":"https:\/\/www.europesays.com\/ee\/wp-json\/wp\/v2\/posts\/246155","targetHints":{"allow":["GET"]}}],"collection":[{"href":"https:\/\/www.europesays.com\/ee\/wp-json\/wp\/v2\/posts"}],"about":[{"href":"https:\/\/www.europesays.com\/ee\/wp-json\/wp\/v2\/types\/post"}],"author":[{"embeddable":true,"href":"https:\/\/www.europesays.com\/ee\/wp-json\/wp\/v2\/users\/2"}],"replies":[{"embeddable":true,"href":"https:\/\/www.europesays.com\/ee\/wp-json\/wp\/v2\/comments?post=246155"}],"version-history":[{"count":0,"href":"https:\/\/www.europesays.com\/ee\/wp-json\/wp\/v2\/posts\/246155\/revisions"}],"wp:featuredmedia":[{"embeddable":true,"href":"https:\/\/www.europesays.com\/ee\/wp-json\/wp\/v2\/media\/246156"}],"wp:attachment":[{"href":"https:\/\/www.europesays.com\/ee\/wp-json\/wp\/v2\/media?parent=246155"}],"wp:term":[{"taxonomy":"category","embeddable":true,"href":"https:\/\/www.europesays.com\/ee\/wp-json\/wp\/v2\/categories?post=246155"},{"taxonomy":"post_tag","embeddable":true,"href":"https:\/\/www.europesays.com\/ee\/wp-json\/wp\/v2\/tags?post=246155"}],"curies":[{"name":"wp","href":"https:\/\/api.w.org\/{rel}","templated":true}]}}