{"id":246281,"date":"2026-08-07T05:09:10","date_gmt":"2026-08-07T05:09:10","guid":{"rendered":"https:\/\/www.europesays.com\/ee\/246281\/"},"modified":"2026-08-07T05:09:10","modified_gmt":"2026-08-07T05:09:10","slug":"video-lasnamael-rundasid-taktikalises-varustuses-politseinikud-korterit","status":"publish","type":"post","link":"https:\/\/www.europesays.com\/ee\/246281\/","title":{"rendered":"VIDEO | Lasnam\u00e4el r\u00fcndasid taktikalises varustuses politseinikud korterit"},"content":{"rendered":"<p>TikTokki ilmus <a rel=\"noopener nofollow\" target=\"_blank\" href=\"https:\/\/www.delfi.ee\/teema\/26007549\/lasnamae\" tag-id=\"26007549\">Lasnam\u00e4el<\/a> tehtud video. Selles on n\u00e4ha, et 16-korruselise maja \u00fcmber kogunesid politseinikud: m\u00f5ned klassikalises sinises vormis, teised rohelises ja taktikaliste kiivritega. \u00dchel politseinikul v\u00f5ib k\u00e4es n\u00e4ha pikatorulist relva ja teisel kuulikilpi. K\u00f5ik sisenevad hoonesse. Toimuvat j\u00e4lgivad juhuslikud m\u00f6\u00f6dujad.<\/p>\n<p>Hiljem tuuakse trepikojast v\u00e4lja noormees l\u00fchikestes p\u00fckstes ja T-s\u00e4rgis. Tema k\u00e4ed on selja taga. Pealtn\u00e4ha on ta \u00fcle 20-aastane.<\/p>\n<p>Videot arutati aktiivselt kommentaarides. \u00dcks kasutaja imestas operatsiooni ulatuse \u00fcle: \u201eNoor kutt, aga nii palju saginat.\u201c Teine kirjutas, et \u201ekutt on oma isa mitu korda reanimatsiooni saatnud\u201c.<\/p>\n<p>Veel \u00fcks kommentaator teatas, et on vahistatu naaber, ja kinnitas eelmise kasutaja s\u00f5nu: \u201eTa peksis isa l\u00e4bi.\u201c<\/p>\n<p>Politsei teatas, et 4. augustil kella 13 ajal sai politsei kaks v\u00e4ljakutset Vikerlase t\u00e4navalt. K\u00f5igepealt teatas helistaja, et tappis kellegi noaga, p\u00e4rast mida eiras k\u00f5iki t\u00e4psustavaid k\u00fcsimusi ja pani toru \u00e4ra. M\u00f5ni aeg p\u00e4rast seda saabus h\u00e4irekeskusse teade pealtn\u00e4gijalt: noor mees k\u00f5ndis Saarepiiga sillal, suur nuga k\u00e4es.<\/p>\n<p>Kohale saabunud patrull leidis kirjeldusega kokku sobinud mehe alkoholijoobe tunnustega maja eest t\u00e4navalt. Mees keeldus patrulli korraldustele allumast, solvas politseinikke ja sulgus oma korterisse. Kohale kutsuti kiirreageerijad, kellega koos sisenesid politseinikud noormehe korterisse ja pidasid ta kinni. Teade, et keegi on tapetud, ei leidnud kinnitust.<\/p>\n<p>\u201ePolitsei peamine \u00fclesanne on inimeste elu ja tervise kaitse. Politsei reageerib olukordadele, kus on tegemist relvaga, t\u00e4ie t\u00f5sidusega, mist\u00f5ttu kutsuti kohale kiirreageerimis\u00fcksus,\u201c kommenteeris Ida-Harju politseijaoskonna v\u00e4lijuht Mait Viese.<\/p>\n<p>Mees viidi <a rel=\"noopener nofollow\" target=\"_blank\" href=\"https:\/\/www.delfi.ee\/teema\/1094\/tallinn\" tag-id=\"1094\">Tallinna<\/a> vanglasse ja tema suhtes on algatatud menetlus ametikohuseid t\u00e4itnud politseinike solvamise paragrahvi alusel.<\/p>\n<p><a href=\"https:\/\/www.delfi.ee\/artikkel\/120602159\/video-lasnamael-rundasid-taktikalises-varustuses-politseinikud-korterit\/kommentaarid\" class=\"button button--primary button--size-auto article-body-bottom__comment article-body-bottom__comment--write\" style=\"\" rel=\"nofollow noopener\" target=\"_blank\">Kommenteeri<\/a><a href=\"https:\/\/www.delfi.ee\/artikkel\/120602159\/video-lasnamael-rundasid-taktikalises-varustuses-politseinikud-korterit\/kommentaarid\" class=\"button button--size-auto article-body-bottom__comment article-body-bottom__comment--read\" style=\"\" rel=\"nofollow noopener\" target=\"_blank\">Loe kommentaare (17)<\/a><\/p>\n","protected":false},"excerpt":{"rendered":"TikTokki ilmus Lasnam\u00e4el tehtud video. Selles on n\u00e4ha, et 16-korruselise maja \u00fcmber kogunesid politseinikud: m\u00f5ned klassikalises sinises vormis,&hellip;\n","protected":false},"author":2,"featured_media":246282,"comment_status":"","ping_status":"","sticky":false,"template":"","format":"standard","meta":{"footnotes":"","_share_on_mastodon":"0"},"categories":[5],"tags":[26,27,37,33,35,34,36,31,32,21,2264,28,29,19,2920,25,2130,23,24,22,20,30],"class_list":["post-246281","post","type-post","status-publish","format-standard","has-post-thumbnail","category-uldised-uudised","tag-breaking-news","tag-breakingnews","tag-ee","tag-eesti","tag-eesti-keel","tag-estonia","tag-estonian","tag-featured-news","tag-featurednews","tag-headlines","tag-lasnamae","tag-latest-news","tag-latestnews","tag-news","tag-politsei-ja-piirivalveamet","tag-populaarseimad-lood","tag-tallinn","tag-top-stories","tag-topstories","tag-uldised-uudised","tag-uudised","tag-viimased-uudised"],"share_on_mastodon":{"url":"https:\/\/pubeurope.com\/@ee\/117052503661372457","error":""},"_links":{"self":[{"href":"https:\/\/www.europesays.com\/ee\/wp-json\/wp\/v2\/posts\/246281","targetHints":{"allow":["GET"]}}],"collection":[{"href":"https:\/\/www.europesays.com\/ee\/wp-json\/wp\/v2\/posts"}],"about":[{"href":"https:\/\/www.europesays.com\/ee\/wp-json\/wp\/v2\/types\/post"}],"author":[{"embeddable":true,"href":"https:\/\/www.europesays.com\/ee\/wp-json\/wp\/v2\/users\/2"}],"replies":[{"embeddable":true,"href":"https:\/\/www.europesays.com\/ee\/wp-json\/wp\/v2\/comments?post=246281"}],"version-history":[{"count":0,"href":"https:\/\/www.europesays.com\/ee\/wp-json\/wp\/v2\/posts\/246281\/revisions"}],"wp:featuredmedia":[{"embeddable":true,"href":"https:\/\/www.europesays.com\/ee\/wp-json\/wp\/v2\/media\/246282"}],"wp:attachment":[{"href":"https:\/\/www.europesays.com\/ee\/wp-json\/wp\/v2\/media?parent=246281"}],"wp:term":[{"taxonomy":"category","embeddable":true,"href":"https:\/\/www.europesays.com\/ee\/wp-json\/wp\/v2\/categories?post=246281"},{"taxonomy":"post_tag","embeddable":true,"href":"https:\/\/www.europesays.com\/ee\/wp-json\/wp\/v2\/tags?post=246281"}],"curies":[{"name":"wp","href":"https:\/\/api.w.org\/{rel}","templated":true}]}}