{"id":246305,"date":"2026-08-07T05:39:13","date_gmt":"2026-08-07T05:39:13","guid":{"rendered":"https:\/\/www.europesays.com\/ee\/246305\/"},"modified":"2026-08-07T05:39:13","modified_gmt":"2026-08-07T05:39:13","slug":"tarbijahinnaindeks-tousis-juulis-aastaga-22-protsenti-eesti","status":"publish","type":"post","link":"https:\/\/www.europesays.com\/ee\/246305\/","title":{"rendered":"Tarbijahinnaindeks t\u00f5usis juulis aastaga 2,2 protsenti | Eesti"},"content":{"rendered":"<p>Statistikaameti andmetel t\u00f5usis tarbijahinnaindeks juulis v\u00f5rreldes juuniga 0,5 protsenti ja v\u00f5rreldes 2025. aasta sama ajaga 2,2 protsenti. Eelmise aasta juuliga v\u00f5rreldes olid kaubad \u00fche protsendi ja teenused 3,9 protsendi v\u00f5rra kallimad.<\/p>\n<p>Statistikaameti tarbijahindade statistika teenusejuht Lauri Veski selgitas, et aastases v\u00f5rdluses on taas n\u00e4ha v\u00f5rdlemisi v\u00e4ikest hinnat\u00f5usu.\u00a0<\/p>\n<p>&#8220;Viimati oli nii v\u00e4ike aastane hinnat\u00f5us 2021. aasta aprillis. Kuigi eluaseme, transpordi ning alkoholi ja tubaka hinnad on aastaga t\u00f5usnud, pidurdab indeksi t\u00f5usu toidu ja mittealkohoolsete jookide odavnemine,&#8221; lisas Veski.<\/p>\n<p>Eluasemega seotud hindadele avaldasid peamiselt m\u00f5ju juulis toimunud hinnakirjamuutused.<\/p>\n<p><img decoding=\"async\" data-photo-id=\"3746245\" src=\"https:\/\/www.europesays.com\/ee\/wp-content\/uploads\/2026\/08\/3746245h1a93t24.png\"\/>Tarbijahinnaindeksi muutus viimase aasta jooksul. Autor\/allikas: Statistikaamet<\/p>\n<p>Seoses j\u00e4\u00e4tmereformiga t\u00f5usis pr\u00fcgiveo hind juuniga v\u00f5rreldes 52,2 protsenti. Veevarustus kallines kuu jooksul 6,6 protsenti ning selle taga on hinnat\u00f5us Tallinnas. \u00dc\u00fcrihinnad t\u00f5usid neli protsenti, kuid samas odavnes elekter 4,1 protsenti.\u00a0<\/p>\n<p>&#8220;V\u00f5rreldes eelmise aasta juuliga oli elekter siiski 13,9 protsenti kallim ning selle peamiseks p\u00f5hjuseks on kuumaperioodidest tingitud h\u00fcdroenergia nappus. Ka torugaas on aastaga 26,2 protsenti kallinenud,&#8221; t\u00e4psustas Veski.<\/p>\n<p>Juuniga v\u00f5rreldes kallines bensiin 1,2 protsenti ning diislik\u00fctus 0,4 protsenti. 2025. aasta juuliga v\u00f5rreldes on bensiini hind t\u00f5usnud 6,2 protsenti ja diislik\u00fctuse hind 12,8 protsenti, samas on rahvusvahelised lennud odavnenud 11,4 protsenti.<\/p>\n<p>Alkohoolsed joogid ja tubakas kallinesid aastaga 6,4 protsenti. &#8220;Siin tasub arvestada ka 2026. aasta jaanuari aktsiisit\u00f5usu. Toit ja mittealkohoolsed joogid on aga aastaga 1,6 protsenti odavnenud,&#8221; m\u00e4rkis Veski.\u00a0<\/p>\n<p>Kuigi kuu l\u00f5ikes t\u00f5usid toidukaupade hinnad 0,4 protsenti, on aasta jooksul odavnenud puuviljad ja p\u00e4hklid 10,8 protsenti, piim, piimatooted ja munad 3,1 protsenti ning k\u00f6\u00f6giviljad 3,8 protsenti. Kala ja kalatooted on aastaga kallinenud 6,1 protsenti ning karastusjoogid 4 protsenti.<\/p>\n","protected":false},"excerpt":{"rendered":"Statistikaameti andmetel t\u00f5usis tarbijahinnaindeks juulis v\u00f5rreldes juuniga 0,5 protsenti ja v\u00f5rreldes 2025. aasta sama ajaga 2,2 protsenti. Eelmise&hellip;\n","protected":false},"author":2,"featured_media":246306,"comment_status":"","ping_status":"","sticky":false,"template":"","format":"standard","meta":{"footnotes":"","_share_on_mastodon":"0"},"categories":[14],"tags":[131,130,37,33,35,34,36,2879,43,2559,39695],"class_list":["post-246305","post","type-post","status-publish","format-standard","has-post-thumbnail","category-ari","tag-ari","tag-business","tag-ee","tag-eesti","tag-eesti-keel","tag-estonia","tag-estonian","tag-hind","tag-hinnatous","tag-statistikaamet","tag-tarbijahinna-indeks"],"share_on_mastodon":{"url":"https:\/\/pubeurope.com\/@ee\/117052621872390404","error":""},"_links":{"self":[{"href":"https:\/\/www.europesays.com\/ee\/wp-json\/wp\/v2\/posts\/246305","targetHints":{"allow":["GET"]}}],"collection":[{"href":"https:\/\/www.europesays.com\/ee\/wp-json\/wp\/v2\/posts"}],"about":[{"href":"https:\/\/www.europesays.com\/ee\/wp-json\/wp\/v2\/types\/post"}],"author":[{"embeddable":true,"href":"https:\/\/www.europesays.com\/ee\/wp-json\/wp\/v2\/users\/2"}],"replies":[{"embeddable":true,"href":"https:\/\/www.europesays.com\/ee\/wp-json\/wp\/v2\/comments?post=246305"}],"version-history":[{"count":0,"href":"https:\/\/www.europesays.com\/ee\/wp-json\/wp\/v2\/posts\/246305\/revisions"}],"wp:featuredmedia":[{"embeddable":true,"href":"https:\/\/www.europesays.com\/ee\/wp-json\/wp\/v2\/media\/246306"}],"wp:attachment":[{"href":"https:\/\/www.europesays.com\/ee\/wp-json\/wp\/v2\/media?parent=246305"}],"wp:term":[{"taxonomy":"category","embeddable":true,"href":"https:\/\/www.europesays.com\/ee\/wp-json\/wp\/v2\/categories?post=246305"},{"taxonomy":"post_tag","embeddable":true,"href":"https:\/\/www.europesays.com\/ee\/wp-json\/wp\/v2\/tags?post=246305"}],"curies":[{"name":"wp","href":"https:\/\/api.w.org\/{rel}","templated":true}]}}